{"id":14390,"date":"2022-08-22T11:37:02","date_gmt":"2022-08-22T09:37:02","guid":{"rendered":"http:\/\/www.amaplaneteblanquefort.fr\/wordpress\/?p=14390"},"modified":"2025-09-05T11:10:58","modified_gmt":"2025-09-05T09:10:58","slug":"presentation-produits-menagers","status":"publish","type":"post","link":"https:\/\/www.amaplaneteblanquefort.fr\/wordpress\/2022\/08\/22\/presentation-produits-menagers\/","title":{"rendered":"Pr\u00e9sentation du contrat  Cidre"},"content":{"rendered":"\n<p>Producteurs, Marion et Jeremy, sont\u00a0normands\u00a0et amoureux des pommes sous toutes leurs formes.<\/p>\n\n\n\n<p>Leur cidrerie artisanale est install\u00e9e \u00e0 Sadirac (33).\u00a0Les produits sont bio.\u00a0<\/p>\n\n\n\n<p>Marion et Jeremy transforment des pommes qu&rsquo;ils ach\u00e8tent \u00e0 des producteurs bio, locaux pour les jus de pommes, compotes, gel\u00e9es. Pour les pommes \u00e0 cidre,\u00a0une partie vient du Lot-et-Garonne, le reste de Normandie\u00a0\u00a0.. parce qu&rsquo;on ne fait pas de bons cidres sans pommes sp\u00e9cifiques, et celles-ci sont encore peu cultiv\u00e9es sur nos terroirs.\u00a0Le vinaigre de cidre et la farine de pommes sont des co-produits, car ils travaillent dans une d\u00e9marche anti-g\u00e2chis.\u00a0<\/p>\n\n\n\n<p>Cr\u00e9atifs, ils\u00a0cr\u00e9ent des\u00a0partenariats\u00a0locaux : un jus de pommes ra:isin avec les\u00a0raisins\u00a0du ch\u00e2teau saint Ahon \u00e0 Blanquefort.<\/p>\n\n\n\n<p><strong>N&rsquo;h\u00e9sitez pas \u00e0 aller sur leur site&nbsp;:&nbsp;<\/strong><a href=\"http:\/\/www.cidrerie-hic.fr\/\" target=\"_blank\" rel=\"noreferrer noopener\"><strong>www.cidrerie-hic.fr<\/strong><\/a><strong>&nbsp;\/ Instagra<\/strong>m<strong>:&nbsp;@cidreriehic<\/strong><\/p>\n\n\n\n<p><\/p>\n","protected":false},"excerpt":{"rendered":"<p>Producteurs, Marion et Jeremy, sont\u00a0normands\u00a0et amoureux des pommes sous toutes leurs formes. Leur cidrerie artisanale est install\u00e9e \u00e0 Sadirac (33).\u00a0Les produits sont bio.\u00a0 Marion et Jeremy transforment des pommes qu&rsquo;ils ach\u00e8tent \u00e0 des producteurs bio, locaux pour les jus de pommes, compotes, gel\u00e9es. Pour les pommes \u00e0 cidre,\u00a0une partie vient du Lot-et-Garonne, le reste de &hellip; <a href=\"https:\/\/www.amaplaneteblanquefort.fr\/wordpress\/2022\/08\/22\/presentation-produits-menagers\/\" class=\"more-link\">Continuer la lecture de <span class=\"screen-reader-text\">Pr\u00e9sentation du contrat  Cidre<\/span> <span class=\"meta-nav\">&rarr;<\/span><\/a><\/p>\n","protected":false},"author":975,"featured_media":0,"comment_status":"closed","ping_status":"closed","sticky":false,"template":"","format":"standard","meta":{"footnotes":""},"categories":[49],"tags":[],"class_list":["post-14390","post","type-post","status-publish","format-standard","hentry","category-24-boissons"],"_links":{"self":[{"href":"https:\/\/www.amaplaneteblanquefort.fr\/wordpress\/wp-json\/wp\/v2\/posts\/14390","targetHints":{"allow":["GET"]}}],"collection":[{"href":"https:\/\/www.amaplaneteblanquefort.fr\/wordpress\/wp-json\/wp\/v2\/posts"}],"about":[{"href":"https:\/\/www.amaplaneteblanquefort.fr\/wordpress\/wp-json\/wp\/v2\/types\/post"}],"author":[{"embeddable":true,"href":"https:\/\/www.amaplaneteblanquefort.fr\/wordpress\/wp-json\/wp\/v2\/users\/975"}],"replies":[{"embeddable":true,"href":"https:\/\/www.amaplaneteblanquefort.fr\/wordpress\/wp-json\/wp\/v2\/comments?post=14390"}],"version-history":[{"count":5,"href":"https:\/\/www.amaplaneteblanquefort.fr\/wordpress\/wp-json\/wp\/v2\/posts\/14390\/revisions"}],"predecessor-version":[{"id":14621,"href":"https:\/\/www.amaplaneteblanquefort.fr\/wordpress\/wp-json\/wp\/v2\/posts\/14390\/revisions\/14621"}],"wp:attachment":[{"href":"https:\/\/www.amaplaneteblanquefort.fr\/wordpress\/wp-json\/wp\/v2\/media?parent=14390"}],"wp:term":[{"taxonomy":"category","embeddable":true,"href":"https:\/\/www.amaplaneteblanquefort.fr\/wordpress\/wp-json\/wp\/v2\/categories?post=14390"},{"taxonomy":"post_tag","embeddable":true,"href":"https:\/\/www.amaplaneteblanquefort.fr\/wordpress\/wp-json\/wp\/v2\/tags?post=14390"}],"curies":[{"name":"wp","href":"https:\/\/api.w.org\/{rel}","templated":true}]}}