{"id":9856,"date":"2020-06-09T09:21:27","date_gmt":"2020-06-09T07:21:27","guid":{"rendered":"http:\/\/www.amaplaneteblanquefort.fr\/wordpress\/?p=9856"},"modified":"2021-11-26T15:28:55","modified_gmt":"2021-11-26T14:28:55","slug":"financement-participatif-pour-la-ferme-de-la-bessede","status":"publish","type":"post","link":"http:\/\/www.amaplaneteblanquefort.fr\/wordpress\/2020\/06\/09\/financement-participatif-pour-la-ferme-de-la-bessede\/","title":{"rendered":"Financement participatif pour la ferme de la Bessede"},"content":{"rendered":"\n<p>Un message transmis par Tiffany, Virgile (et Ma\u00eblle) concernant des difficult\u00e9s cr\u00e9\u00e9es par la situation de confinement.<\/p>\n\n\n\n<div class=\"wp-block-image is-style-default\"><figure class=\"alignleft size-large is-resized\"><img loading=\"lazy\" decoding=\"async\" src=\"http:\/\/www.amaplaneteblanquefort.fr\/wordpress\/wp-content\/uploads\/2020\/06\/t0SLq-blob.jpg\" alt=\"\" class=\"wp-image-9861\" width=\"300\" height=\"169\" srcset=\"http:\/\/www.amaplaneteblanquefort.fr\/wordpress\/wp-content\/uploads\/2020\/06\/t0SLq-blob.jpg 600w, http:\/\/www.amaplaneteblanquefort.fr\/wordpress\/wp-content\/uploads\/2020\/06\/t0SLq-blob-300x169.jpg 300w\" sizes=\"auto, (max-width: 300px) 100vw, 300px\" \/><\/figure><\/div>\n\n\n\n<p class=\"has-text-align-right\"><em>Bonjour,<\/em><\/p>\n\n\n\n<p class=\"has-text-align-right\"><em>Les derniers \u00e9v\u00e8nements li\u00e9s au Covid 19 nous mettent en difficult\u00e9s financi\u00e8res. Sur les conseils de clients bienveillants, nous nous sommes r\u00e9solus \u00e0 cr\u00e9er une demande de financement participatif. La somme r\u00e9colt\u00e9e nous aidera \u00e0 financer les frais de garde de notre petite Ma\u00eblle. Merci par avance \u00e0 tous ceux qui pourront y participer. Voici le lien :&nbsp;<a href=\"https:\/\/www.okpal.com\/soutenez-la-ferme-de-la-bessede-24\/?utm_campaign=01EAAT6KY8HWX4HAQBX2NKG2S6&amp;utm_medium=campaign_success-okpuid_01EAAT62TEMXE6G2KRQ8SZXE78-20200608&amp;utm_source=share_directlink#\/\">https:\/\/www.okpal.com\/soutenez-la-ferme-de-la-bessede-24\/?utm_campaign=01EAAT6KY8HWX4HAQBX2NKG2S6&amp;utm_medium=campaign_success-okpuid_01EAAT62TEMXE6G2KRQ8SZXE78-20200608&amp;utm_source=share_directlink#\/<\/a><\/em><\/p>\n\n\n\n<p class=\"has-text-align-right\"><em>Tiffany, Virgile et Ma\u00eblle.<\/em><\/p>\n\n\n\n<p class=\"has-text-align-right\"><em>EARL Ferme de la B\u00e9ss\u00e8de<br>19 rue des Marzats<br>24700 MONTPON &#8211; MENESTEROL<br>06 25 77 13 73 \/ 06 85 64 97 41<br>bessede@laposte.net<\/em><\/p>\n","protected":false},"excerpt":{"rendered":"<p>Un message transmis par Tiffany, Virgile (et Ma\u00eblle) concernant des difficult\u00e9s cr\u00e9\u00e9es par la situation de confinement. Bonjour, Les derniers \u00e9v\u00e8nements li\u00e9s au Covid 19 nous mettent en difficult\u00e9s financi\u00e8res. Sur les conseils de clients bienveillants, nous nous sommes r\u00e9solus \u00e0 cr\u00e9er une demande de financement participatif. La somme r\u00e9colt\u00e9e nous aidera \u00e0 financer les &hellip; <a href=\"http:\/\/www.amaplaneteblanquefort.fr\/wordpress\/2020\/06\/09\/financement-participatif-pour-la-ferme-de-la-bessede\/\" class=\"more-link\">Continuer la lecture de <span class=\"screen-reader-text\">Financement participatif pour la ferme de la Bessede<\/span> <span class=\"meta-nav\">&rarr;<\/span><\/a><\/p>\n","protected":false},"author":12024,"featured_media":0,"comment_status":"open","ping_status":"open","sticky":false,"template":"","format":"standard","meta":{"footnotes":""},"categories":[5],"tags":[],"class_list":["post-9856","post","type-post","status-publish","format-standard","hentry","category-01-legumes"],"_links":{"self":[{"href":"http:\/\/www.amaplaneteblanquefort.fr\/wordpress\/wp-json\/wp\/v2\/posts\/9856","targetHints":{"allow":["GET"]}}],"collection":[{"href":"http:\/\/www.amaplaneteblanquefort.fr\/wordpress\/wp-json\/wp\/v2\/posts"}],"about":[{"href":"http:\/\/www.amaplaneteblanquefort.fr\/wordpress\/wp-json\/wp\/v2\/types\/post"}],"author":[{"embeddable":true,"href":"http:\/\/www.amaplaneteblanquefort.fr\/wordpress\/wp-json\/wp\/v2\/users\/12024"}],"replies":[{"embeddable":true,"href":"http:\/\/www.amaplaneteblanquefort.fr\/wordpress\/wp-json\/wp\/v2\/comments?post=9856"}],"version-history":[{"count":6,"href":"http:\/\/www.amaplaneteblanquefort.fr\/wordpress\/wp-json\/wp\/v2\/posts\/9856\/revisions"}],"predecessor-version":[{"id":11564,"href":"http:\/\/www.amaplaneteblanquefort.fr\/wordpress\/wp-json\/wp\/v2\/posts\/9856\/revisions\/11564"}],"wp:attachment":[{"href":"http:\/\/www.amaplaneteblanquefort.fr\/wordpress\/wp-json\/wp\/v2\/media?parent=9856"}],"wp:term":[{"taxonomy":"category","embeddable":true,"href":"http:\/\/www.amaplaneteblanquefort.fr\/wordpress\/wp-json\/wp\/v2\/categories?post=9856"},{"taxonomy":"post_tag","embeddable":true,"href":"http:\/\/www.amaplaneteblanquefort.fr\/wordpress\/wp-json\/wp\/v2\/tags?post=9856"}],"curies":[{"name":"wp","href":"https:\/\/api.w.org\/{rel}","templated":true}]}}