{"id":9496,"date":"2020-02-09T22:51:55","date_gmt":"2020-02-09T21:51:55","guid":{"rendered":"http:\/\/www.amaplaneteblanquefort.fr\/wordpress\/?p=9496"},"modified":"2020-02-09T22:55:23","modified_gmt":"2020-02-09T21:55:23","slug":"prise-de-contrat-porc-bio-de-la-ferme-des-charmes-4-livraisons-et-beaucoup-de-bons-produits","status":"publish","type":"post","link":"http:\/\/www.amaplaneteblanquefort.fr\/wordpress\/2020\/02\/09\/prise-de-contrat-porc-bio-de-la-ferme-des-charmes-4-livraisons-et-beaucoup-de-bons-produits\/","title":{"rendered":"Prise de contrat Porc bio de la Ferme des Charmes &#8211; 4 livraisons et beaucoup de bons produits"},"content":{"rendered":"<p>Le nouveau contrat de la Ferme des Charmes est disponible sur le site AmapJ.<br>La date limite pour <strong>la prise de contrat est le vendredi 6 mars.<\/strong><br><strong>La remise des ch\u00e8ques aura lieu le jeudi 12 mars,<\/strong> aux heures de livraison habituelles.<\/p>\n<p>Attention, afin de faciliter la gestion de la comptabilit\u00e9 par la productrice, nous demandons \u00e0 ce que chaque ch\u00e8que corresponde au montant de la livraison concern\u00e9e.<\/p>\n<p>4 livraisons sont pr\u00e9vues : <strong>le 26 mars, le 25 juin, le 24 septembre et le 10 d\u00e9cembre<\/strong><br>Outre les colis de porc bio, la ferme des Charmes propose de la charcuterie et d&rsquo;autres bonnes choses produites sur la ferme.<\/p>\n<p><img decoding=\"async\" class=\"scale\" src=\"https:\/\/www.gaec-des-charmes.com\/oktThemes\/ra143-s\/images\/head-logo.png\" alt=\"LA FERME DES CHARMES\"><\/p>\n<p><\/p>\n\n\n<p><a href=\"https:\/\/www.gaec-des-charmes.com\/\">https:\/\/www.gaec-des-charmes.com\/<\/a><\/p>\n","protected":false},"excerpt":{"rendered":"<p>Le nouveau contrat de la Ferme des Charmes est disponible sur le site AmapJ.La date limite pour la prise de contrat est le vendredi 6 mars.La remise des ch\u00e8ques aura lieu le jeudi 12 mars, aux heures de livraison habituelles. Attention, afin de faciliter la gestion de la comptabilit\u00e9 par la productrice, nous demandons \u00e0 &hellip; <a href=\"http:\/\/www.amaplaneteblanquefort.fr\/wordpress\/2020\/02\/09\/prise-de-contrat-porc-bio-de-la-ferme-des-charmes-4-livraisons-et-beaucoup-de-bons-produits\/\" class=\"more-link\">Continuer la lecture de <span class=\"screen-reader-text\">Prise de contrat Porc bio de la Ferme des Charmes &#8211; 4 livraisons et beaucoup de bons produits<\/span> <span class=\"meta-nav\">&rarr;<\/span><\/a><\/p>\n","protected":false},"author":474,"featured_media":0,"comment_status":"open","ping_status":"open","sticky":false,"template":"","format":"standard","meta":{"footnotes":""},"categories":[34],"tags":[],"class_list":["post-9496","post","type-post","status-publish","format-standard","hentry","category-16-porc-bio"],"_links":{"self":[{"href":"http:\/\/www.amaplaneteblanquefort.fr\/wordpress\/wp-json\/wp\/v2\/posts\/9496","targetHints":{"allow":["GET"]}}],"collection":[{"href":"http:\/\/www.amaplaneteblanquefort.fr\/wordpress\/wp-json\/wp\/v2\/posts"}],"about":[{"href":"http:\/\/www.amaplaneteblanquefort.fr\/wordpress\/wp-json\/wp\/v2\/types\/post"}],"author":[{"embeddable":true,"href":"http:\/\/www.amaplaneteblanquefort.fr\/wordpress\/wp-json\/wp\/v2\/users\/474"}],"replies":[{"embeddable":true,"href":"http:\/\/www.amaplaneteblanquefort.fr\/wordpress\/wp-json\/wp\/v2\/comments?post=9496"}],"version-history":[{"count":5,"href":"http:\/\/www.amaplaneteblanquefort.fr\/wordpress\/wp-json\/wp\/v2\/posts\/9496\/revisions"}],"predecessor-version":[{"id":9502,"href":"http:\/\/www.amaplaneteblanquefort.fr\/wordpress\/wp-json\/wp\/v2\/posts\/9496\/revisions\/9502"}],"wp:attachment":[{"href":"http:\/\/www.amaplaneteblanquefort.fr\/wordpress\/wp-json\/wp\/v2\/media?parent=9496"}],"wp:term":[{"taxonomy":"category","embeddable":true,"href":"http:\/\/www.amaplaneteblanquefort.fr\/wordpress\/wp-json\/wp\/v2\/categories?post=9496"},{"taxonomy":"post_tag","embeddable":true,"href":"http:\/\/www.amaplaneteblanquefort.fr\/wordpress\/wp-json\/wp\/v2\/tags?post=9496"}],"curies":[{"name":"wp","href":"https:\/\/api.w.org\/{rel}","templated":true}]}}