{"id":9417,"date":"2020-01-13T23:31:36","date_gmt":"2020-01-13T22:31:36","guid":{"rendered":"http:\/\/www.amaplaneteblanquefort.fr\/wordpress\/?p=9417"},"modified":"2020-01-13T23:31:36","modified_gmt":"2020-01-13T22:31:36","slug":"2eme-contrat-legume-avant-mardi-14-au-soir","status":"publish","type":"post","link":"http:\/\/www.amaplaneteblanquefort.fr\/wordpress\/2020\/01\/13\/2eme-contrat-legume-avant-mardi-14-au-soir\/","title":{"rendered":"2\u00e8me contrat l\u00e9gume avant Mardi 14 au soir"},"content":{"rendered":"\n<p class=\"has-text-color has-drop-cap has-luminous-vivid-orange-color\"><img loading=\"lazy\" decoding=\"async\" width=\"96\" height=\"118\" class=\"wp-image-8319\" style=\"width: 96px;\" src=\"http:\/\/www.amaplaneteblanquefort.fr\/wordpress\/wp-content\/uploads\/2018\/04\/carottes001-copie.gif\" alt=\"\">Rappel, un <strong>nouveau contrat l\u00e9gume<\/strong> est disponible sur AmapJ jusqu&rsquo;au 14 au soir, premi\u00e8re livraison le Jeudi 16&#8230; d\u00e9p\u00eachez vous&#8230; <\/p>\n","protected":false},"excerpt":{"rendered":"<p>Rappel, un nouveau contrat l\u00e9gume est disponible sur AmapJ jusqu&rsquo;au 14 au soir, premi\u00e8re livraison le Jeudi 16&#8230; d\u00e9p\u00eachez vous&#8230;<\/p>\n","protected":false},"author":1,"featured_media":0,"comment_status":"open","ping_status":"open","sticky":false,"template":"","format":"standard","meta":{"footnotes":""},"categories":[1],"tags":[],"class_list":["post-9417","post","type-post","status-publish","format-standard","hentry","category-non-classe"],"_links":{"self":[{"href":"http:\/\/www.amaplaneteblanquefort.fr\/wordpress\/wp-json\/wp\/v2\/posts\/9417","targetHints":{"allow":["GET"]}}],"collection":[{"href":"http:\/\/www.amaplaneteblanquefort.fr\/wordpress\/wp-json\/wp\/v2\/posts"}],"about":[{"href":"http:\/\/www.amaplaneteblanquefort.fr\/wordpress\/wp-json\/wp\/v2\/types\/post"}],"author":[{"embeddable":true,"href":"http:\/\/www.amaplaneteblanquefort.fr\/wordpress\/wp-json\/wp\/v2\/users\/1"}],"replies":[{"embeddable":true,"href":"http:\/\/www.amaplaneteblanquefort.fr\/wordpress\/wp-json\/wp\/v2\/comments?post=9417"}],"version-history":[{"count":1,"href":"http:\/\/www.amaplaneteblanquefort.fr\/wordpress\/wp-json\/wp\/v2\/posts\/9417\/revisions"}],"predecessor-version":[{"id":9418,"href":"http:\/\/www.amaplaneteblanquefort.fr\/wordpress\/wp-json\/wp\/v2\/posts\/9417\/revisions\/9418"}],"wp:attachment":[{"href":"http:\/\/www.amaplaneteblanquefort.fr\/wordpress\/wp-json\/wp\/v2\/media?parent=9417"}],"wp:term":[{"taxonomy":"category","embeddable":true,"href":"http:\/\/www.amaplaneteblanquefort.fr\/wordpress\/wp-json\/wp\/v2\/categories?post=9417"},{"taxonomy":"post_tag","embeddable":true,"href":"http:\/\/www.amaplaneteblanquefort.fr\/wordpress\/wp-json\/wp\/v2\/tags?post=9417"}],"curies":[{"name":"wp","href":"https:\/\/api.w.org\/{rel}","templated":true}]}}