{"id":9126,"date":"2019-09-04T22:57:18","date_gmt":"2019-09-04T20:57:18","guid":{"rendered":"http:\/\/www.amaplaneteblanquefort.fr\/wordpress\/?p=9126"},"modified":"2019-09-04T22:57:18","modified_gmt":"2019-09-04T20:57:18","slug":"9126","status":"publish","type":"post","link":"http:\/\/www.amaplaneteblanquefort.fr\/wordpress\/2019\/09\/04\/9126\/","title":{"rendered":""},"content":{"rendered":"\n<p style=\"text-align:center\"><strong>NOUVEAU CONTRAT PRODUITS MENAGERS<\/strong><\/p>\n\n\n\n<p>la prochaine livraison des produits m\u00e9nagers se d\u00e9roulera le <strong>19 septembre <\/strong><\/p>\n\n\n\n<p class=\"has-background has-very-light-gray-background-color\">la prise de commandes s&rsquo;effectuera les <strong>5 et 12 septembre<\/strong>, vous pourrez y d\u00e9couvir, peut-\u00eatre, une nouveaut\u00e9 : les tablettes pour lave-vaisselle <\/p>\n\n\n\n<div class=\"wp-block-file\"><a href=\"http:\/\/www.amaplaneteblanquefort.fr\/wordpress\/wp-content\/uploads\/2019\/09\/contrat-des-produits-menagers-2019-2020.docx\">contrat-des-produits-menagers-2019-2020<\/a><a href=\"http:\/\/www.amaplaneteblanquefort.fr\/wordpress\/wp-content\/uploads\/2019\/09\/contrat-des-produits-menagers-2019-2020.docx\" class=\"wp-block-file__button\" download>T\u00e9l\u00e9charger<\/a><\/div>\n\n\n","protected":false},"excerpt":{"rendered":"<p>NOUVEAU CONTRAT PRODUITS MENAGERS la prochaine livraison des produits m\u00e9nagers se d\u00e9roulera le 19 septembre la prise de commandes s&rsquo;effectuera les 5 et 12 septembre, vous pourrez y d\u00e9couvir, peut-\u00eatre, une nouveaut\u00e9 : les tablettes pour lave-vaisselle<\/p>\n","protected":false},"author":975,"featured_media":0,"comment_status":"open","ping_status":"open","sticky":false,"template":"","format":"standard","meta":{"footnotes":""},"categories":[27,1],"tags":[],"class_list":["post-9126","post","type-post","status-publish","format-standard","hentry","category-15-produits-menagers","category-non-classe"],"_links":{"self":[{"href":"http:\/\/www.amaplaneteblanquefort.fr\/wordpress\/wp-json\/wp\/v2\/posts\/9126","targetHints":{"allow":["GET"]}}],"collection":[{"href":"http:\/\/www.amaplaneteblanquefort.fr\/wordpress\/wp-json\/wp\/v2\/posts"}],"about":[{"href":"http:\/\/www.amaplaneteblanquefort.fr\/wordpress\/wp-json\/wp\/v2\/types\/post"}],"author":[{"embeddable":true,"href":"http:\/\/www.amaplaneteblanquefort.fr\/wordpress\/wp-json\/wp\/v2\/users\/975"}],"replies":[{"embeddable":true,"href":"http:\/\/www.amaplaneteblanquefort.fr\/wordpress\/wp-json\/wp\/v2\/comments?post=9126"}],"version-history":[{"count":3,"href":"http:\/\/www.amaplaneteblanquefort.fr\/wordpress\/wp-json\/wp\/v2\/posts\/9126\/revisions"}],"predecessor-version":[{"id":9130,"href":"http:\/\/www.amaplaneteblanquefort.fr\/wordpress\/wp-json\/wp\/v2\/posts\/9126\/revisions\/9130"}],"wp:attachment":[{"href":"http:\/\/www.amaplaneteblanquefort.fr\/wordpress\/wp-json\/wp\/v2\/media?parent=9126"}],"wp:term":[{"taxonomy":"category","embeddable":true,"href":"http:\/\/www.amaplaneteblanquefort.fr\/wordpress\/wp-json\/wp\/v2\/categories?post=9126"},{"taxonomy":"post_tag","embeddable":true,"href":"http:\/\/www.amaplaneteblanquefort.fr\/wordpress\/wp-json\/wp\/v2\/tags?post=9126"}],"curies":[{"name":"wp","href":"https:\/\/api.w.org\/{rel}","templated":true}]}}