{"id":9098,"date":"2019-08-26T21:05:39","date_gmt":"2019-08-26T19:05:39","guid":{"rendered":"http:\/\/www.amaplaneteblanquefort.fr\/wordpress\/?p=9098"},"modified":"2019-08-26T21:14:50","modified_gmt":"2019-08-26T19:14:50","slug":"prise-de-contrat-porc-bio-le-5-septembre","status":"publish","type":"post","link":"http:\/\/www.amaplaneteblanquefort.fr\/wordpress\/2019\/08\/26\/prise-de-contrat-porc-bio-le-5-septembre\/","title":{"rendered":"Prise de contrat porc bio  le 5 septembre"},"content":{"rendered":"\n<p>Vous pourrez souscrire au contrat porc bio de la ferme de Charmes (Dordogne) le jeudi 5 septembre pour 1 ou 2 livraisons pour la fin 2019 : le 26 septembre et le 12 d\u00e9cembre 2019. <\/p>\n\n\n\n<p>Le contrat est en pi\u00e8ce jointe, n&rsquo;oubliez pas de le remplir et de l&rsquo;imprimer accompagn\u00e9 du ou des ch\u00e8ques correspondants. <\/p>\n\n\n\n<div class=\"wp-block-file\"><a href=\"http:\/\/www.amaplaneteblanquefort.fr\/wordpress\/wp-content\/uploads\/2019\/08\/ContratPorcFin2019.doc\">ContratPorcFin2019<\/a><a href=\"http:\/\/www.amaplaneteblanquefort.fr\/wordpress\/wp-content\/uploads\/2019\/08\/ContratPorcFin2019.doc\" class=\"wp-block-file__button\" download>T\u00e9l\u00e9charger<\/a><\/div>\n\n\n","protected":false},"excerpt":{"rendered":"<p>Vous pourrez souscrire au contrat porc bio de la ferme de Charmes (Dordogne) le jeudi 5 septembre pour 1 ou 2 livraisons pour la fin 2019 : le 26 septembre et le 12 d\u00e9cembre 2019. Le contrat est en pi\u00e8ce jointe, n&rsquo;oubliez pas de le remplir et de l&rsquo;imprimer accompagn\u00e9 du ou des ch\u00e8ques correspondants.<\/p>\n","protected":false},"author":474,"featured_media":0,"comment_status":"open","ping_status":"open","sticky":false,"template":"","format":"standard","meta":{"footnotes":""},"categories":[34],"tags":[],"class_list":["post-9098","post","type-post","status-publish","format-standard","hentry","category-16-porc-bio"],"_links":{"self":[{"href":"http:\/\/www.amaplaneteblanquefort.fr\/wordpress\/wp-json\/wp\/v2\/posts\/9098","targetHints":{"allow":["GET"]}}],"collection":[{"href":"http:\/\/www.amaplaneteblanquefort.fr\/wordpress\/wp-json\/wp\/v2\/posts"}],"about":[{"href":"http:\/\/www.amaplaneteblanquefort.fr\/wordpress\/wp-json\/wp\/v2\/types\/post"}],"author":[{"embeddable":true,"href":"http:\/\/www.amaplaneteblanquefort.fr\/wordpress\/wp-json\/wp\/v2\/users\/474"}],"replies":[{"embeddable":true,"href":"http:\/\/www.amaplaneteblanquefort.fr\/wordpress\/wp-json\/wp\/v2\/comments?post=9098"}],"version-history":[{"count":2,"href":"http:\/\/www.amaplaneteblanquefort.fr\/wordpress\/wp-json\/wp\/v2\/posts\/9098\/revisions"}],"predecessor-version":[{"id":9102,"href":"http:\/\/www.amaplaneteblanquefort.fr\/wordpress\/wp-json\/wp\/v2\/posts\/9098\/revisions\/9102"}],"wp:attachment":[{"href":"http:\/\/www.amaplaneteblanquefort.fr\/wordpress\/wp-json\/wp\/v2\/media?parent=9098"}],"wp:term":[{"taxonomy":"category","embeddable":true,"href":"http:\/\/www.amaplaneteblanquefort.fr\/wordpress\/wp-json\/wp\/v2\/categories?post=9098"},{"taxonomy":"post_tag","embeddable":true,"href":"http:\/\/www.amaplaneteblanquefort.fr\/wordpress\/wp-json\/wp\/v2\/tags?post=9098"}],"curies":[{"name":"wp","href":"https:\/\/api.w.org\/{rel}","templated":true}]}}