{"id":9086,"date":"2019-08-18T17:04:06","date_gmt":"2019-08-18T15:04:06","guid":{"rendered":"http:\/\/www.amaplaneteblanquefort.fr\/wordpress\/?p=9086"},"modified":"2019-08-18T17:04:06","modified_gmt":"2019-08-18T15:04:06","slug":"contrat-prunes-dente-du-29-08-2019","status":"publish","type":"post","link":"http:\/\/www.amaplaneteblanquefort.fr\/wordpress\/2019\/08\/18\/contrat-prunes-dente-du-29-08-2019\/","title":{"rendered":"Contrat prunes d&rsquo;ente du 29-08-2019"},"content":{"rendered":"\n<p>\nBonjour \u00e0 toutes et \u00e0 tous,<\/p>\n\n\n\n<p> On poursuit la saison des fruits avec une livraison au <strong>29 Ao\u00fbt 2019<\/strong><\/p>\n\n\n\n<p> Nous vous proposons un contrat prunes d&rsquo;ente<br><strong>&gt;Colis de 2 kg au prix de 5,50\u20ac<\/strong><\/p>\n\n\n\n<p> Possibilit\u00e9 \u00e9galement, de commander des prunes \u00e0 confiture: <br><strong>&gt;Colis de 5 kg au prix de 10,50\u20ac<\/strong><\/p>\n\n\n\n<p> Une prise de contrat se d\u00e9roulera le jeudi 22 ao\u00fbt \u00e0 partir de 18h45. <\/p>\n\n\n\n<p><a href=\"http:\/\/www.amaplaneteblanquefort.fr\/wordpress\/wp-content\/uploads\/2019\/08\/contrat-ponctuel-prunes-dente-du-29-08-2019.pdf\">Acc\u00e9der au contrat<\/a><br><\/p>\n","protected":false},"excerpt":{"rendered":"<p>Bonjour \u00e0 toutes et \u00e0 tous, On poursuit la saison des fruits avec une livraison au 29 Ao\u00fbt 2019 Nous vous proposons un contrat prunes d&rsquo;ente&gt;Colis de 2 kg au prix de 5,50\u20ac Possibilit\u00e9 \u00e9galement, de commander des prunes \u00e0 confiture: &gt;Colis de 5 kg au prix de 10,50\u20ac Une prise de contrat se d\u00e9roulera &hellip; <a href=\"http:\/\/www.amaplaneteblanquefort.fr\/wordpress\/2019\/08\/18\/contrat-prunes-dente-du-29-08-2019\/\" class=\"more-link\">Continuer la lecture de <span class=\"screen-reader-text\">Contrat prunes d&rsquo;ente du 29-08-2019<\/span> <span class=\"meta-nav\">&rarr;<\/span><\/a><\/p>\n","protected":false},"author":13,"featured_media":0,"comment_status":"open","ping_status":"open","sticky":false,"template":"","format":"standard","meta":{"footnotes":""},"categories":[1],"tags":[],"class_list":["post-9086","post","type-post","status-publish","format-standard","hentry","category-non-classe"],"_links":{"self":[{"href":"http:\/\/www.amaplaneteblanquefort.fr\/wordpress\/wp-json\/wp\/v2\/posts\/9086","targetHints":{"allow":["GET"]}}],"collection":[{"href":"http:\/\/www.amaplaneteblanquefort.fr\/wordpress\/wp-json\/wp\/v2\/posts"}],"about":[{"href":"http:\/\/www.amaplaneteblanquefort.fr\/wordpress\/wp-json\/wp\/v2\/types\/post"}],"author":[{"embeddable":true,"href":"http:\/\/www.amaplaneteblanquefort.fr\/wordpress\/wp-json\/wp\/v2\/users\/13"}],"replies":[{"embeddable":true,"href":"http:\/\/www.amaplaneteblanquefort.fr\/wordpress\/wp-json\/wp\/v2\/comments?post=9086"}],"version-history":[{"count":7,"href":"http:\/\/www.amaplaneteblanquefort.fr\/wordpress\/wp-json\/wp\/v2\/posts\/9086\/revisions"}],"predecessor-version":[{"id":9094,"href":"http:\/\/www.amaplaneteblanquefort.fr\/wordpress\/wp-json\/wp\/v2\/posts\/9086\/revisions\/9094"}],"wp:attachment":[{"href":"http:\/\/www.amaplaneteblanquefort.fr\/wordpress\/wp-json\/wp\/v2\/media?parent=9086"}],"wp:term":[{"taxonomy":"category","embeddable":true,"href":"http:\/\/www.amaplaneteblanquefort.fr\/wordpress\/wp-json\/wp\/v2\/categories?post=9086"},{"taxonomy":"post_tag","embeddable":true,"href":"http:\/\/www.amaplaneteblanquefort.fr\/wordpress\/wp-json\/wp\/v2\/tags?post=9086"}],"curies":[{"name":"wp","href":"https:\/\/api.w.org\/{rel}","templated":true}]}}