{"id":8975,"date":"2019-06-10T18:07:29","date_gmt":"2019-06-10T16:07:29","guid":{"rendered":"http:\/\/www.amaplaneteblanquefort.fr\/wordpress\/?p=8975"},"modified":"2019-06-10T18:07:29","modified_gmt":"2019-06-10T16:07:29","slug":"contrat-abricots-peches","status":"publish","type":"post","link":"http:\/\/www.amaplaneteblanquefort.fr\/wordpress\/2019\/06\/10\/contrat-abricots-peches\/","title":{"rendered":"Contrat abricots\/p\u00eaches"},"content":{"rendered":"\n<p>  Bonjour \u00e0 toutes et \u00e0 tous,<br><br> On poursuit la saison des fruits avec une livraison au <strong>20 juin, 04 et 18 juillet<\/strong><br><br> Nous pouvons vous proposer un contrat abricots + p\u00eaches blanches et\/ou jaunes pour les 3 dates:<br>   <strong>&gt;<\/strong> <strong>1,5 kg d&rsquo;abricots + 1 kg de p\u00eaches  pour 8,50\u20ac <\/strong><br><br> Possibilit\u00e9 \u00e9galement, de commander des abricots \u00e0 confiture: <br> <strong>&gt;<\/strong> <strong>4 kg au prix de 11\u20ac<\/strong><br><br><br> Pour les 04 et 18 juillet uniquement, un contrat p\u00eaches blanches et ou jaunes:<br>&gt; <strong>1 kg au prix de 3\u20ac<\/strong><br><br>Une prise de contrat se d\u00e9roulera le jeudi 13 juin \u00e0 partir de 18h45. <br><a href=\"http:\/\/www.amaplaneteblanquefort.fr\/wordpress\/wp-content\/uploads\/2019\/06\/contrat-ponctuel-abricots-peches-des-20-juin-et-0418-juillet-2019.pdf\">Acc\u00e9der au contrat<\/a><br><\/p>\n\n\n\n<p><br><\/p>\n","protected":false},"excerpt":{"rendered":"<p>Bonjour \u00e0 toutes et \u00e0 tous, On poursuit la saison des fruits avec une livraison au 20 juin, 04 et 18 juillet Nous pouvons vous proposer un contrat abricots + p\u00eaches blanches et\/ou jaunes pour les 3 dates: &gt; 1,5 kg d&rsquo;abricots + 1 kg de p\u00eaches pour 8,50\u20ac Possibilit\u00e9 \u00e9galement, de commander des abricots &hellip; <a href=\"http:\/\/www.amaplaneteblanquefort.fr\/wordpress\/2019\/06\/10\/contrat-abricots-peches\/\" class=\"more-link\">Continuer la lecture de <span class=\"screen-reader-text\">Contrat abricots\/p\u00eaches<\/span> <span class=\"meta-nav\">&rarr;<\/span><\/a><\/p>\n","protected":false},"author":13,"featured_media":0,"comment_status":"open","ping_status":"open","sticky":false,"template":"","format":"standard","meta":{"footnotes":""},"categories":[25],"tags":[],"class_list":["post-8975","post","type-post","status-publish","format-standard","hentry","category-13-fruits"],"_links":{"self":[{"href":"http:\/\/www.amaplaneteblanquefort.fr\/wordpress\/wp-json\/wp\/v2\/posts\/8975","targetHints":{"allow":["GET"]}}],"collection":[{"href":"http:\/\/www.amaplaneteblanquefort.fr\/wordpress\/wp-json\/wp\/v2\/posts"}],"about":[{"href":"http:\/\/www.amaplaneteblanquefort.fr\/wordpress\/wp-json\/wp\/v2\/types\/post"}],"author":[{"embeddable":true,"href":"http:\/\/www.amaplaneteblanquefort.fr\/wordpress\/wp-json\/wp\/v2\/users\/13"}],"replies":[{"embeddable":true,"href":"http:\/\/www.amaplaneteblanquefort.fr\/wordpress\/wp-json\/wp\/v2\/comments?post=8975"}],"version-history":[{"count":3,"href":"http:\/\/www.amaplaneteblanquefort.fr\/wordpress\/wp-json\/wp\/v2\/posts\/8975\/revisions"}],"predecessor-version":[{"id":8979,"href":"http:\/\/www.amaplaneteblanquefort.fr\/wordpress\/wp-json\/wp\/v2\/posts\/8975\/revisions\/8979"}],"wp:attachment":[{"href":"http:\/\/www.amaplaneteblanquefort.fr\/wordpress\/wp-json\/wp\/v2\/media?parent=8975"}],"wp:term":[{"taxonomy":"category","embeddable":true,"href":"http:\/\/www.amaplaneteblanquefort.fr\/wordpress\/wp-json\/wp\/v2\/categories?post=8975"},{"taxonomy":"post_tag","embeddable":true,"href":"http:\/\/www.amaplaneteblanquefort.fr\/wordpress\/wp-json\/wp\/v2\/tags?post=8975"}],"curies":[{"name":"wp","href":"https:\/\/api.w.org\/{rel}","templated":true}]}}