{"id":897,"date":"2013-06-02T22:33:29","date_gmt":"2013-06-02T20:33:29","guid":{"rendered":"http:\/\/www.amaplaneteblanquefort.fr\/wordpress\/?p=897"},"modified":"2013-06-02T22:46:02","modified_gmt":"2013-06-02T20:46:02","slug":"une-realite-economique-3","status":"publish","type":"post","link":"http:\/\/www.amaplaneteblanquefort.fr\/wordpress\/2013\/06\/02\/une-realite-economique-3\/","title":{"rendered":"Une r\u00e9alit\u00e9 \u00e9conomique 3"},"content":{"rendered":"<h1 style=\"text-align: center\"><span style=\"color: #0000ff\">Le mot de Vanessa.<\/span><\/h1>\n<p>\u00ab\u00a0Nous ne vendions notre p\u00eache qu&rsquo;en cri\u00e9e, maintenant gr\u00e2ce aux circuits courts comme les Amap nous vendons en direct notre p\u00eache \u00e0 un tarif beaucoup plus int\u00e9ressant pour nous ainsi que pour de nombreuses familles qui ne mangeaient pas forc\u00e9ment de poisson par rapport aux prix. De plus, nous n&rsquo;avons pas de frais de cri\u00e9e sur ces ventes l\u00e0.\u00a0\u00bb<\/p>\n<figure id=\"attachment_900\" aria-describedby=\"caption-attachment-900\" style=\"width: 300px\" class=\"wp-caption aligncenter\"><a href=\"http:\/\/www.amaplaneteblanquefort.fr\/wordpress\/wp-content\/uploads\/2012\/11\/P1010151.jpg\"><img loading=\"lazy\" decoding=\"async\" class=\"size-medium wp-image-900\" alt=\"Poupe du bateau\" src=\"http:\/\/www.amaplaneteblanquefort.fr\/wordpress\/wp-content\/uploads\/2012\/11\/P1010151-300x225.jpg\" width=\"300\" height=\"225\" srcset=\"http:\/\/www.amaplaneteblanquefort.fr\/wordpress\/wp-content\/uploads\/2012\/11\/P1010151-300x225.jpg 300w, http:\/\/www.amaplaneteblanquefort.fr\/wordpress\/wp-content\/uploads\/2012\/11\/P1010151-1024x768.jpg 1024w\" sizes=\"auto, (max-width: 300px) 100vw, 300px\" \/><\/a><figcaption id=\"caption-attachment-900\" class=\"wp-caption-text\">Poupe du bateau<\/figcaption><\/figure>\n<p>\u00ab\u00a0Nous \u00e9conomisons \u00e9galement en carburant car en rejetant moins de poissons ind\u00e9sirables pour les cri\u00e9es, nos temps de p\u00eache sont plus courts et nous partons moins loin \u00e9galement. Les salaires des matelots, gr\u00e2ce \u00e0 ces circuits courts, sont revaloris\u00e9s. Les mois d&rsquo;\u00e9t\u00e9 sont plus difficiles car les poissons restent au fond de l&rsquo;eau et pour \u00a0les fileyeurs c&rsquo;est beaucoup plus compliqu\u00e9 d&rsquo;avoir de bonnes journ\u00e9es. Mais, avec les mois moins chauds, la p\u00eache est plus rentable.\u00a0\u00bb<\/p>\n<figure id=\"attachment_901\" aria-describedby=\"caption-attachment-901\" style=\"width: 300px\" class=\"wp-caption aligncenter\"><a href=\"http:\/\/www.amaplaneteblanquefort.fr\/wordpress\/wp-content\/uploads\/2012\/11\/P1000975.jpg\"><img loading=\"lazy\" decoding=\"async\" class=\"size-medium wp-image-901\" alt=\"Coucher du soleil \u00e0 travers un filet de p\u00eache\" src=\"http:\/\/www.amaplaneteblanquefort.fr\/wordpress\/wp-content\/uploads\/2012\/11\/P1000975-300x225.jpg\" width=\"300\" height=\"225\" srcset=\"http:\/\/www.amaplaneteblanquefort.fr\/wordpress\/wp-content\/uploads\/2012\/11\/P1000975-300x225.jpg 300w, http:\/\/www.amaplaneteblanquefort.fr\/wordpress\/wp-content\/uploads\/2012\/11\/P1000975-1024x768.jpg 1024w\" sizes=\"auto, (max-width: 300px) 100vw, 300px\" \/><\/a><figcaption id=\"caption-attachment-901\" class=\"wp-caption-text\">Coucher du soleil \u00e0 travers un filet de p\u00eache<\/figcaption><\/figure>\n<p>Mais Nicolas ne regrette pas un instant son investissement et a le recul suffisant pour affirmer aujourd\u2019hui que si l\u2019on met en balance l\u2019impact positif de la vente en Amap sur son entreprise de p\u00eache et les contraintes impos\u00e9es par ce syst\u00e8me, le bilan est largement positif. D\u2019autant plus que la d\u00e9marche de Nicolas d\u00e9passe \u00e9galement le cadre de son entreprise et am\u00e9liore l\u2019image de toute la fili\u00e8re.<\/p>\n<p>&nbsp;<\/p>\n<p><span style=\"color: #0000ff\">Cliquez sur le lien ci-contre pour acc\u00e9der au contrat :\u00a0<a href=\"http:\/\/www.amaplaneteblanquefort.fr\/wordpress\/wp-content\/uploads\/2012\/11\/CONTRAT-poisson-complet-2012-2013.pdf\"><span style=\"color: #0000ff\">CONTRAT poisson 2012-2013<\/span><\/a><\/span><\/p>\n","protected":false},"excerpt":{"rendered":"<p>Le mot de Vanessa. \u00ab\u00a0Nous ne vendions notre p\u00eache qu&rsquo;en cri\u00e9e, maintenant gr\u00e2ce aux circuits courts comme les Amap nous vendons en direct notre p\u00eache \u00e0 un tarif beaucoup plus int\u00e9ressant pour nous ainsi que pour de nombreuses familles qui ne mangeaient pas forc\u00e9ment de poisson par rapport aux prix. De plus, nous n&rsquo;avons pas &hellip; <a href=\"http:\/\/www.amaplaneteblanquefort.fr\/wordpress\/2013\/06\/02\/une-realite-economique-3\/\" class=\"more-link\">Continuer la lecture de <span class=\"screen-reader-text\">Une r\u00e9alit\u00e9 \u00e9conomique 3<\/span> <span class=\"meta-nav\">&rarr;<\/span><\/a><\/p>\n","protected":false},"author":20,"featured_media":0,"comment_status":"open","ping_status":"open","sticky":false,"template":"","format":"standard","meta":{"footnotes":""},"categories":[20],"tags":[],"class_list":["post-897","post","type-post","status-publish","format-standard","hentry","category-08-poissons"],"_links":{"self":[{"href":"http:\/\/www.amaplaneteblanquefort.fr\/wordpress\/wp-json\/wp\/v2\/posts\/897","targetHints":{"allow":["GET"]}}],"collection":[{"href":"http:\/\/www.amaplaneteblanquefort.fr\/wordpress\/wp-json\/wp\/v2\/posts"}],"about":[{"href":"http:\/\/www.amaplaneteblanquefort.fr\/wordpress\/wp-json\/wp\/v2\/types\/post"}],"author":[{"embeddable":true,"href":"http:\/\/www.amaplaneteblanquefort.fr\/wordpress\/wp-json\/wp\/v2\/users\/20"}],"replies":[{"embeddable":true,"href":"http:\/\/www.amaplaneteblanquefort.fr\/wordpress\/wp-json\/wp\/v2\/comments?post=897"}],"version-history":[{"count":15,"href":"http:\/\/www.amaplaneteblanquefort.fr\/wordpress\/wp-json\/wp\/v2\/posts\/897\/revisions"}],"predecessor-version":[{"id":2065,"href":"http:\/\/www.amaplaneteblanquefort.fr\/wordpress\/wp-json\/wp\/v2\/posts\/897\/revisions\/2065"}],"wp:attachment":[{"href":"http:\/\/www.amaplaneteblanquefort.fr\/wordpress\/wp-json\/wp\/v2\/media?parent=897"}],"wp:term":[{"taxonomy":"category","embeddable":true,"href":"http:\/\/www.amaplaneteblanquefort.fr\/wordpress\/wp-json\/wp\/v2\/categories?post=897"},{"taxonomy":"post_tag","embeddable":true,"href":"http:\/\/www.amaplaneteblanquefort.fr\/wordpress\/wp-json\/wp\/v2\/tags?post=897"}],"curies":[{"name":"wp","href":"https:\/\/api.w.org\/{rel}","templated":true}]}}