{"id":8920,"date":"2019-05-08T16:44:18","date_gmt":"2019-05-08T14:44:18","guid":{"rendered":"http:\/\/www.amaplaneteblanquefort.fr\/wordpress\/?p=8920"},"modified":"2019-05-08T16:44:18","modified_gmt":"2019-05-08T14:44:18","slug":"contrat-cerises-2019","status":"publish","type":"post","link":"http:\/\/www.amaplaneteblanquefort.fr\/wordpress\/2019\/05\/08\/contrat-cerises-2019\/","title":{"rendered":"Contrat cerises 2019"},"content":{"rendered":"\n<p> Bonjour \u00e0 toutes et \u00e0 tous,<br><br>La saison des fruits reprend de plus belle!<br><br> La r\u00e9colte de cerises est prometteuse. <br>Croisons les doigts pour que la m\u00e9t\u00e9o soit de la partie et vous pourrez vous r\u00e9galer.<br> <br>Donc, nous pouvons vous proposer un contrat cerises avec 3 livraisons : <br>&#8211; les jeudis 6 et 20 juin<br>&#8211; le jeudi 4 juillet<br>Comme chaque ann\u00e9e, possibilit\u00e9 de commander des cerises \u00e0 croquer ainsi que des cerises \u00e0 confiture.<\/p>\n\n\n\n<p>Ci-joint <a href=\"http:\/\/www.amaplaneteblanquefort.fr\/wordpress\/wp-content\/uploads\/2019\/05\/contrat-ponctuel-cerises-des-6-et-20-juin-2019.pdf\">le contrat 2019<\/a><br><\/p>\n","protected":false},"excerpt":{"rendered":"<p>Bonjour \u00e0 toutes et \u00e0 tous, La saison des fruits reprend de plus belle! La r\u00e9colte de cerises est prometteuse. Croisons les doigts pour que la m\u00e9t\u00e9o soit de la partie et vous pourrez vous r\u00e9galer. Donc, nous pouvons vous proposer un contrat cerises avec 3 livraisons : &#8211; les jeudis 6 et 20 juin&#8211; &hellip; <a href=\"http:\/\/www.amaplaneteblanquefort.fr\/wordpress\/2019\/05\/08\/contrat-cerises-2019\/\" class=\"more-link\">Continuer la lecture de <span class=\"screen-reader-text\">Contrat cerises 2019<\/span> <span class=\"meta-nav\">&rarr;<\/span><\/a><\/p>\n","protected":false},"author":13,"featured_media":0,"comment_status":"open","ping_status":"open","sticky":false,"template":"","format":"standard","meta":{"footnotes":""},"categories":[25],"tags":[],"class_list":["post-8920","post","type-post","status-publish","format-standard","hentry","category-13-fruits"],"_links":{"self":[{"href":"http:\/\/www.amaplaneteblanquefort.fr\/wordpress\/wp-json\/wp\/v2\/posts\/8920","targetHints":{"allow":["GET"]}}],"collection":[{"href":"http:\/\/www.amaplaneteblanquefort.fr\/wordpress\/wp-json\/wp\/v2\/posts"}],"about":[{"href":"http:\/\/www.amaplaneteblanquefort.fr\/wordpress\/wp-json\/wp\/v2\/types\/post"}],"author":[{"embeddable":true,"href":"http:\/\/www.amaplaneteblanquefort.fr\/wordpress\/wp-json\/wp\/v2\/users\/13"}],"replies":[{"embeddable":true,"href":"http:\/\/www.amaplaneteblanquefort.fr\/wordpress\/wp-json\/wp\/v2\/comments?post=8920"}],"version-history":[{"count":3,"href":"http:\/\/www.amaplaneteblanquefort.fr\/wordpress\/wp-json\/wp\/v2\/posts\/8920\/revisions"}],"predecessor-version":[{"id":8924,"href":"http:\/\/www.amaplaneteblanquefort.fr\/wordpress\/wp-json\/wp\/v2\/posts\/8920\/revisions\/8924"}],"wp:attachment":[{"href":"http:\/\/www.amaplaneteblanquefort.fr\/wordpress\/wp-json\/wp\/v2\/media?parent=8920"}],"wp:term":[{"taxonomy":"category","embeddable":true,"href":"http:\/\/www.amaplaneteblanquefort.fr\/wordpress\/wp-json\/wp\/v2\/categories?post=8920"},{"taxonomy":"post_tag","embeddable":true,"href":"http:\/\/www.amaplaneteblanquefort.fr\/wordpress\/wp-json\/wp\/v2\/tags?post=8920"}],"curies":[{"name":"wp","href":"https:\/\/api.w.org\/{rel}","templated":true}]}}