{"id":8849,"date":"2019-04-13T18:47:30","date_gmt":"2019-04-13T16:47:30","guid":{"rendered":"http:\/\/www.amaplaneteblanquefort.fr\/wordpress\/?p=8849"},"modified":"2019-08-08T12:32:17","modified_gmt":"2019-08-08T10:32:17","slug":"contrat-pain-2","status":"publish","type":"post","link":"http:\/\/www.amaplaneteblanquefort.fr\/wordpress\/2019\/04\/13\/contrat-pain-2\/","title":{"rendered":"Contrat pain"},"content":{"rendered":"\n<p>Ca y est Cl\u00e9ment a sign\u00e9 les statuts de sa nouvelle entreprise<\/p>\n\n\n\n<p>Il s&rsquo;agit de la GAEC de Chabinel.<\/p>\n\n\n\n<p>Nous faisons donc, comme convenu lors de la prise de contrat , le  recouvrement de la deuxi\u00e8me partie de votre commande.<\/p>\n\n\n\n<p>Vous pouvez r\u00e9gler en 1 ou 2 ch\u00e8ques \u00e0 l&rsquo;ordre de GAEC de Chabinel.<\/p>\n\n\n\n<p>Pour r\u00e9cup\u00e9rer votre pain jeudi venez donc avec votre ch\u00e9quier.<\/p>\n\n\n\n<p>&nbsp;Vos coordinatrices&nbsp;: <\/p>\n\n\n\n<p>Maryl\u00e8ne BUISSON &nbsp;&nbsp;<a>buisson.dmnjc@cegetel.net<\/a>;<\/p>\n\n\n\n<p>Dominique GIRALDA&nbsp;<a>alaingiralda@wanadoo.fr<\/a>;&nbsp;<\/p>\n\n\n\n<p>Sarah RAYMOND&nbsp;&nbsp;<a>sarah.andrea@me.com<\/a>,<\/p>\n\n\n\n<p>Daniele sanz&nbsp;&nbsp;<a>daniele.sanz@sfr.fr<\/a><\/p>\n\n\n\n<figure class=\"wp-block-image\"><img loading=\"lazy\" decoding=\"async\" width=\"800\" height=\"600\" src=\"http:\/\/www.amaplaneteblanquefort.fr\/wordpress\/wp-content\/uploads\/2013\/01\/P1240080_1.jpg\" alt=\"\" class=\"wp-image-1263\" srcset=\"http:\/\/www.amaplaneteblanquefort.fr\/wordpress\/wp-content\/uploads\/2013\/01\/P1240080_1.jpg 800w, http:\/\/www.amaplaneteblanquefort.fr\/wordpress\/wp-content\/uploads\/2013\/01\/P1240080_1-300x225.jpg 300w\" sizes=\"auto, (max-width: 800px) 100vw, 800px\" \/><\/figure>\n","protected":false},"excerpt":{"rendered":"<p>Ca y est Cl\u00e9ment a sign\u00e9 les statuts de sa nouvelle entreprise Il s&rsquo;agit de la GAEC de Chabinel. Nous faisons donc, comme convenu lors de la prise de contrat , le recouvrement de la deuxi\u00e8me partie de votre commande. Vous pouvez r\u00e9gler en 1 ou 2 ch\u00e8ques \u00e0 l&rsquo;ordre de GAEC de Chabinel. Pour &hellip; <a href=\"http:\/\/www.amaplaneteblanquefort.fr\/wordpress\/2019\/04\/13\/contrat-pain-2\/\" class=\"more-link\">Continuer la lecture de <span class=\"screen-reader-text\">Contrat pain<\/span> <span class=\"meta-nav\">&rarr;<\/span><\/a><\/p>\n","protected":false},"author":7,"featured_media":0,"comment_status":"open","ping_status":"open","sticky":false,"template":"","format":"standard","meta":{"footnotes":""},"categories":[22],"tags":[],"class_list":["post-8849","post","type-post","status-publish","format-standard","hentry","category-10-volailles"],"_links":{"self":[{"href":"http:\/\/www.amaplaneteblanquefort.fr\/wordpress\/wp-json\/wp\/v2\/posts\/8849","targetHints":{"allow":["GET"]}}],"collection":[{"href":"http:\/\/www.amaplaneteblanquefort.fr\/wordpress\/wp-json\/wp\/v2\/posts"}],"about":[{"href":"http:\/\/www.amaplaneteblanquefort.fr\/wordpress\/wp-json\/wp\/v2\/types\/post"}],"author":[{"embeddable":true,"href":"http:\/\/www.amaplaneteblanquefort.fr\/wordpress\/wp-json\/wp\/v2\/users\/7"}],"replies":[{"embeddable":true,"href":"http:\/\/www.amaplaneteblanquefort.fr\/wordpress\/wp-json\/wp\/v2\/comments?post=8849"}],"version-history":[{"count":3,"href":"http:\/\/www.amaplaneteblanquefort.fr\/wordpress\/wp-json\/wp\/v2\/posts\/8849\/revisions"}],"predecessor-version":[{"id":8853,"href":"http:\/\/www.amaplaneteblanquefort.fr\/wordpress\/wp-json\/wp\/v2\/posts\/8849\/revisions\/8853"}],"wp:attachment":[{"href":"http:\/\/www.amaplaneteblanquefort.fr\/wordpress\/wp-json\/wp\/v2\/media?parent=8849"}],"wp:term":[{"taxonomy":"category","embeddable":true,"href":"http:\/\/www.amaplaneteblanquefort.fr\/wordpress\/wp-json\/wp\/v2\/categories?post=8849"},{"taxonomy":"post_tag","embeddable":true,"href":"http:\/\/www.amaplaneteblanquefort.fr\/wordpress\/wp-json\/wp\/v2\/tags?post=8849"}],"curies":[{"name":"wp","href":"https:\/\/api.w.org\/{rel}","templated":true}]}}