{"id":8688,"date":"2019-01-22T12:17:49","date_gmt":"2019-01-22T11:17:49","guid":{"rendered":"http:\/\/www.amaplaneteblanquefort.fr\/wordpress\/?p=8688"},"modified":"2019-08-08T12:34:11","modified_gmt":"2019-08-08T10:34:11","slug":"assemblee-generale-amaplanete","status":"publish","type":"post","link":"http:\/\/www.amaplaneteblanquefort.fr\/wordpress\/2019\/01\/22\/assemblee-generale-amaplanete\/","title":{"rendered":"ASSEMBLEE GENERALE AMAPLANETE"},"content":{"rendered":"<h3><a href=\"http:\/\/www.amaplaneteblanquefort.fr\/wordpress\/wp-content\/uploads\/2019\/01\/AMAP_logo3.jpg\"><img loading=\"lazy\" decoding=\"async\" class=\" wp-image-8692 aligncenter\" src=\"http:\/\/www.amaplaneteblanquefort.fr\/wordpress\/wp-content\/uploads\/2019\/01\/AMAP_logo3.jpg\" alt=\"\" width=\"162\" height=\"185\" srcset=\"http:\/\/www.amaplaneteblanquefort.fr\/wordpress\/wp-content\/uploads\/2019\/01\/AMAP_logo3.jpg 722w, http:\/\/www.amaplaneteblanquefort.fr\/wordpress\/wp-content\/uploads\/2019\/01\/AMAP_logo3-262x300.jpg 262w\" sizes=\"auto, (max-width: 162px) 100vw, 162px\" \/><\/a><strong>L&rsquo;assembl\u00e9e g\u00e9n\u00e9rale de l&rsquo;amap aura lieu le vendredi 1er f\u00e9vrier \u00e0 la maison des services publics 1 avenue de Tanais -Caychac 33290 BLANQUEFORT\u00a0 \u00e0 19h .<\/strong><\/h3>\n<p><span style=\"font-size: large\">S il ne vous est pas possible d&rsquo;assister \u00e0 notre Assembl\u00e9e G\u00e9n\u00e9rale, nous vous serions reconnaissants de nous faire parvenir la procuration qui est en pi\u00e8ce jointe d\u00fbment sign\u00e9e.<\/span><a href=\"http:\/\/www.amaplaneteblanquefort.fr\/wordpress\/wp-content\/uploads\/2019\/01\/Procuration-1.docx\">Procuration (1)<\/a><\/p>\n","protected":false},"excerpt":{"rendered":"<p>L&rsquo;assembl\u00e9e g\u00e9n\u00e9rale de l&rsquo;amap aura lieu le vendredi 1er f\u00e9vrier \u00e0 la maison des services publics 1 avenue de Tanais -Caychac 33290 BLANQUEFORT\u00a0 \u00e0 19h . S il ne vous est pas possible d&rsquo;assister \u00e0 notre Assembl\u00e9e G\u00e9n\u00e9rale, nous vous serions reconnaissants de nous faire parvenir la procuration qui est en pi\u00e8ce jointe d\u00fbment sign\u00e9e.Procuration &hellip; <a href=\"http:\/\/www.amaplaneteblanquefort.fr\/wordpress\/2019\/01\/22\/assemblee-generale-amaplanete\/\" class=\"more-link\">Continuer la lecture de <span class=\"screen-reader-text\">ASSEMBLEE GENERALE AMAPLANETE<\/span> <span class=\"meta-nav\">&rarr;<\/span><\/a><\/p>\n","protected":false},"author":17,"featured_media":0,"comment_status":"open","ping_status":"open","sticky":false,"template":"","format":"standard","meta":{"footnotes":""},"categories":[33],"tags":[],"class_list":["post-8688","post","type-post","status-publish","format-standard","hentry","category-b-la-conduite-de-lassociation"],"_links":{"self":[{"href":"http:\/\/www.amaplaneteblanquefort.fr\/wordpress\/wp-json\/wp\/v2\/posts\/8688","targetHints":{"allow":["GET"]}}],"collection":[{"href":"http:\/\/www.amaplaneteblanquefort.fr\/wordpress\/wp-json\/wp\/v2\/posts"}],"about":[{"href":"http:\/\/www.amaplaneteblanquefort.fr\/wordpress\/wp-json\/wp\/v2\/types\/post"}],"author":[{"embeddable":true,"href":"http:\/\/www.amaplaneteblanquefort.fr\/wordpress\/wp-json\/wp\/v2\/users\/17"}],"replies":[{"embeddable":true,"href":"http:\/\/www.amaplaneteblanquefort.fr\/wordpress\/wp-json\/wp\/v2\/comments?post=8688"}],"version-history":[{"count":7,"href":"http:\/\/www.amaplaneteblanquefort.fr\/wordpress\/wp-json\/wp\/v2\/posts\/8688\/revisions"}],"predecessor-version":[{"id":11482,"href":"http:\/\/www.amaplaneteblanquefort.fr\/wordpress\/wp-json\/wp\/v2\/posts\/8688\/revisions\/11482"}],"wp:attachment":[{"href":"http:\/\/www.amaplaneteblanquefort.fr\/wordpress\/wp-json\/wp\/v2\/media?parent=8688"}],"wp:term":[{"taxonomy":"category","embeddable":true,"href":"http:\/\/www.amaplaneteblanquefort.fr\/wordpress\/wp-json\/wp\/v2\/categories?post=8688"},{"taxonomy":"post_tag","embeddable":true,"href":"http:\/\/www.amaplaneteblanquefort.fr\/wordpress\/wp-json\/wp\/v2\/tags?post=8688"}],"curies":[{"name":"wp","href":"https:\/\/api.w.org\/{rel}","templated":true}]}}