{"id":8681,"date":"2019-01-19T12:13:03","date_gmt":"2019-01-19T11:13:03","guid":{"rendered":"http:\/\/www.amaplaneteblanquefort.fr\/wordpress\/?p=8681"},"modified":"2019-08-08T12:34:34","modified_gmt":"2019-08-08T10:34:34","slug":"nouveau-contrat-chevre-2","status":"publish","type":"post","link":"http:\/\/www.amaplaneteblanquefort.fr\/wordpress\/2019\/01\/19\/nouveau-contrat-chevre-2\/","title":{"rendered":"Nouveau contrat ch\u00e8vre"},"content":{"rendered":"<p>&nbsp;<\/p>\n<p><a href=\"http:\/\/www.amaplaneteblanquefort.fr\/wordpress\/wp-content\/uploads\/2016\/01\/logo.jpg\"><img loading=\"lazy\" decoding=\"async\" class=\"alignnone wp-image-6569\" src=\"http:\/\/www.amaplaneteblanquefort.fr\/wordpress\/wp-content\/uploads\/2016\/01\/logo.jpg\" alt=\"\" width=\"223\" height=\"226\" \/><\/a>\u00a0 \u00a0 \u00a0<a href=\"http:\/\/www.amaplaneteblanquefort.fr\/wordpress\/wp-content\/uploads\/2016\/02\/IMG_6573.jpg\"><img loading=\"lazy\" decoding=\"async\" class=\"alignnone size-medium wp-image-6671\" src=\"http:\/\/www.amaplaneteblanquefort.fr\/wordpress\/wp-content\/uploads\/2016\/02\/IMG_6573-300x200.jpg\" alt=\"\" width=\"300\" height=\"200\" srcset=\"http:\/\/www.amaplaneteblanquefort.fr\/wordpress\/wp-content\/uploads\/2016\/02\/IMG_6573-300x200.jpg 300w, http:\/\/www.amaplaneteblanquefort.fr\/wordpress\/wp-content\/uploads\/2016\/02\/IMG_6573-1024x683.jpg 1024w, http:\/\/www.amaplaneteblanquefort.fr\/wordpress\/wp-content\/uploads\/2016\/02\/IMG_6573.jpg 1200w\" sizes=\"auto, (max-width: 300px) 100vw, 300px\" \/><\/a><\/p>\n<p>Bonjour<\/p>\n<p>Et bonne ann\u00e9e \u00e0 tous.<\/p>\n<p>Marl\u00e8ne va relancer prochainement sa production des fromages de ch\u00e8vre, et les livraisons<\/p>\n<p>reprendront le 7 mars prochain.<\/p>\n<p>De nouveaux changements : Marl\u00e8ne ne sera plus en capacit\u00e9 de nous livrer la tome. Dommage,<\/p>\n<p>mais la fabrication de la tome exige beaucoup de lait, que la composition du troupeau ne permet<\/p>\n<p>plus de fournir. Par contre vous remarquerez l\u2019arriv\u00e9e d\u2019un nouveau crottin : poivrons\/\u00e9chalotes,<\/p>\n<p>au m\u00eame prix que le 5 baies ou le piment d\u2019Espelette.<\/p>\n<p>Les crottins secs seront plut\u00f4t \u00bd secs pour les 2 premi\u00e8res livraisons.<\/p>\n<p>Et les retours concernant l\u2019exp\u00e9rimentation d\u2019un grand pot de yaourt de verre, au lieu de 4 petits<\/p>\n<p>en plastique, ayant \u00e9t\u00e9 positifs, c\u2019est sous cette forme que les yaourts seront livr\u00e9s d\u00e9sormais.Nous<\/p>\n<p>attirons votre attention sur la n\u00e9cessit\u00e9 de rapporter les pots, et leurs couvercles, propres et vides,<\/p>\n<p>au fur et \u00e0 mesure, afin que cela puisse fonctionner. Marl\u00e8ne les st\u00e9rilisera avant de les remplir \u00e0<\/p>\n<p>nouveau. Nous envisageons la mise en place d\u2019une consigne (type Eco-cups) pour les personnes<\/p>\n<p>qui ne les rapporteraient pas.<\/p>\n<p>Vous pourrez souscrire le nouveau contrat, pour la p\u00e9riode de mars \u00e0 octobre 2019, le 24 janvier,<\/p>\n<p>et le 7 f\u00e9vrier. Pensez \u00e0 venir avec vos contrats imprim\u00e9s (2 pages). Vous les trouverez sur le site<\/p>\n<p>AMAPLANETE.<\/p>\n<p>Cordialement<\/p>\n<p>Colette et Ghislaine, vos coordinatrices fromage de ch\u00e8vre<\/p>\n<p><a href=\"http:\/\/www.amaplaneteblanquefort.fr\/wordpress\/wp-content\/uploads\/2019\/01\/contrat-blanquefort-sign\u00e9-2.pdf\">contrat blanquefort sign\u00e9 2<\/a><\/p>\n<p><a href=\"http:\/\/www.amaplaneteblanquefort.fr\/wordpress\/wp-content\/uploads\/2019\/01\/TableauPriseCommande-2.xlsx\">TableauPriseCommande\u00a0\u00a0<\/a><\/p>\n","protected":false},"excerpt":{"rendered":"<p>&nbsp; \u00a0 \u00a0 \u00a0 Bonjour Et bonne ann\u00e9e \u00e0 tous. Marl\u00e8ne va relancer prochainement sa production des fromages de ch\u00e8vre, et les livraisons reprendront le 7 mars prochain. De nouveaux changements : Marl\u00e8ne ne sera plus en capacit\u00e9 de nous livrer la tome. Dommage, mais la fabrication de la tome exige beaucoup de lait, que &hellip; <a href=\"http:\/\/www.amaplaneteblanquefort.fr\/wordpress\/2019\/01\/19\/nouveau-contrat-chevre-2\/\" class=\"more-link\">Continuer la lecture de <span class=\"screen-reader-text\">Nouveau contrat ch\u00e8vre<\/span> <span class=\"meta-nav\">&rarr;<\/span><\/a><\/p>\n","protected":false},"author":7,"featured_media":0,"comment_status":"open","ping_status":"open","sticky":false,"template":"","format":"standard","meta":{"footnotes":""},"categories":[23],"tags":[],"class_list":["post-8681","post","type-post","status-publish","format-standard","hentry","category-11-fromages-de-chevre"],"_links":{"self":[{"href":"http:\/\/www.amaplaneteblanquefort.fr\/wordpress\/wp-json\/wp\/v2\/posts\/8681","targetHints":{"allow":["GET"]}}],"collection":[{"href":"http:\/\/www.amaplaneteblanquefort.fr\/wordpress\/wp-json\/wp\/v2\/posts"}],"about":[{"href":"http:\/\/www.amaplaneteblanquefort.fr\/wordpress\/wp-json\/wp\/v2\/types\/post"}],"author":[{"embeddable":true,"href":"http:\/\/www.amaplaneteblanquefort.fr\/wordpress\/wp-json\/wp\/v2\/users\/7"}],"replies":[{"embeddable":true,"href":"http:\/\/www.amaplaneteblanquefort.fr\/wordpress\/wp-json\/wp\/v2\/comments?post=8681"}],"version-history":[{"count":6,"href":"http:\/\/www.amaplaneteblanquefort.fr\/wordpress\/wp-json\/wp\/v2\/posts\/8681\/revisions"}],"predecessor-version":[{"id":11685,"href":"http:\/\/www.amaplaneteblanquefort.fr\/wordpress\/wp-json\/wp\/v2\/posts\/8681\/revisions\/11685"}],"wp:attachment":[{"href":"http:\/\/www.amaplaneteblanquefort.fr\/wordpress\/wp-json\/wp\/v2\/media?parent=8681"}],"wp:term":[{"taxonomy":"category","embeddable":true,"href":"http:\/\/www.amaplaneteblanquefort.fr\/wordpress\/wp-json\/wp\/v2\/categories?post=8681"},{"taxonomy":"post_tag","embeddable":true,"href":"http:\/\/www.amaplaneteblanquefort.fr\/wordpress\/wp-json\/wp\/v2\/tags?post=8681"}],"curies":[{"name":"wp","href":"https:\/\/api.w.org\/{rel}","templated":true}]}}