{"id":8666,"date":"2018-12-17T16:00:52","date_gmt":"2018-12-17T15:00:52","guid":{"rendered":"http:\/\/www.amaplaneteblanquefort.fr\/wordpress\/?p=8666"},"modified":"2018-12-17T16:00:52","modified_gmt":"2018-12-17T15:00:52","slug":"rappel-pas-de-livraison-legumes-les-20-et-27-decembre","status":"publish","type":"post","link":"http:\/\/www.amaplaneteblanquefort.fr\/wordpress\/2018\/12\/17\/rappel-pas-de-livraison-legumes-les-20-et-27-decembre\/","title":{"rendered":"Rappel :Pas de livraison l\u00e9gumes les 20 et 27 D\u00e9cembre"},"content":{"rendered":"<p>Conform\u00e9ment au contrat sign\u00e9, il n&rsquo;y a pas de livraison de l\u00e9gumes \u00e0 ces dates !<\/p>\n<p>Marc \/ Muriel<\/p>\n","protected":false},"excerpt":{"rendered":"<p>Conform\u00e9ment au contrat sign\u00e9, il n&rsquo;y a pas de livraison de l\u00e9gumes \u00e0 ces dates ! Marc \/ Muriel<\/p>\n","protected":false},"author":14838,"featured_media":0,"comment_status":"open","ping_status":"open","sticky":false,"template":"","format":"standard","meta":{"footnotes":""},"categories":[1],"tags":[],"class_list":["post-8666","post","type-post","status-publish","format-standard","hentry","category-non-classe"],"_links":{"self":[{"href":"http:\/\/www.amaplaneteblanquefort.fr\/wordpress\/wp-json\/wp\/v2\/posts\/8666","targetHints":{"allow":["GET"]}}],"collection":[{"href":"http:\/\/www.amaplaneteblanquefort.fr\/wordpress\/wp-json\/wp\/v2\/posts"}],"about":[{"href":"http:\/\/www.amaplaneteblanquefort.fr\/wordpress\/wp-json\/wp\/v2\/types\/post"}],"author":[{"embeddable":true,"href":"http:\/\/www.amaplaneteblanquefort.fr\/wordpress\/wp-json\/wp\/v2\/users\/14838"}],"replies":[{"embeddable":true,"href":"http:\/\/www.amaplaneteblanquefort.fr\/wordpress\/wp-json\/wp\/v2\/comments?post=8666"}],"version-history":[{"count":2,"href":"http:\/\/www.amaplaneteblanquefort.fr\/wordpress\/wp-json\/wp\/v2\/posts\/8666\/revisions"}],"predecessor-version":[{"id":8669,"href":"http:\/\/www.amaplaneteblanquefort.fr\/wordpress\/wp-json\/wp\/v2\/posts\/8666\/revisions\/8669"}],"wp:attachment":[{"href":"http:\/\/www.amaplaneteblanquefort.fr\/wordpress\/wp-json\/wp\/v2\/media?parent=8666"}],"wp:term":[{"taxonomy":"category","embeddable":true,"href":"http:\/\/www.amaplaneteblanquefort.fr\/wordpress\/wp-json\/wp\/v2\/categories?post=8666"},{"taxonomy":"post_tag","embeddable":true,"href":"http:\/\/www.amaplaneteblanquefort.fr\/wordpress\/wp-json\/wp\/v2\/tags?post=8666"}],"curies":[{"name":"wp","href":"https:\/\/api.w.org\/{rel}","templated":true}]}}