{"id":8649,"date":"2021-06-21T10:44:00","date_gmt":"2021-06-21T08:44:00","guid":{"rendered":"http:\/\/www.amaplaneteblanquefort.fr\/wordpress\/?p=8649"},"modified":"2021-11-26T15:23:47","modified_gmt":"2021-11-26T14:23:47","slug":"nouveau-contrat-pain-3","status":"publish","type":"post","link":"http:\/\/www.amaplaneteblanquefort.fr\/wordpress\/2021\/06\/21\/nouveau-contrat-pain-3\/","title":{"rendered":"NOUVEAU CONTRAT PAIN"},"content":{"rendered":"<p><a href=\"http:\/\/www.amaplaneteblanquefort.fr\/wordpress\/wp-content\/uploads\/2015\/10\/8-Enfourner.jpg\"><img loading=\"lazy\" decoding=\"async\" class=\"size-medium wp-image-6372\" src=\"http:\/\/www.amaplaneteblanquefort.fr\/wordpress\/wp-content\/uploads\/2015\/10\/8-Enfourner-300x225.jpg\" alt=\"\" width=\"300\" height=\"225\" srcset=\"http:\/\/www.amaplaneteblanquefort.fr\/wordpress\/wp-content\/uploads\/2015\/10\/8-Enfourner-300x225.jpg 300w, http:\/\/www.amaplaneteblanquefort.fr\/wordpress\/wp-content\/uploads\/2015\/10\/8-Enfourner-1024x768.jpg 1024w, http:\/\/www.amaplaneteblanquefort.fr\/wordpress\/wp-content\/uploads\/2015\/10\/8-Enfourner.jpg 1200w\" sizes=\"auto, (max-width: 300px) 100vw, 300px\" \/><\/a><\/p>\n<h3>Le nouveau contrat de Juillet \u00a0\u00e0 d\u00e9cembre \u00a02021 \u00a0est sur\u00a0<strong>AMAP J \u00a0<\/strong><\/h3>\n<p><strong><a href=\"https:\/\/contrats2.amapj.fr\/p\/blanquefort#!\/mes_contrats\">https:\/\/contrats2.amapj.fr\/p\/blanquefort#!\/mes_contrats<\/a><\/strong><\/p>\n<h2><span style=\"color: #ff0000;\">Attention, il faut souscrire \u00e0 la fois le contrat quinzaine 1 et le contrat quinzaine 2, ils sont indissociables.<\/span><\/h2>\n<p>Les pains command\u00e9s pour chaque contrat <strong>ne peuvent pas changer d\u2019une date \u00e0 l\u2019autre<\/strong> ce seront toujours les m\u00eames pour toute la dur\u00e9e du contrat.<\/p>\n<p><strong><span style=\"color: #339966;\">En ce qui concerne le petit \u00e9peautre, le nombre de ces pains \u00e0 chaque livraison est limit\u00e9.\u00a0<\/span><\/strong>Donc seules les personnes ayant eu confirmation par mail ou oralement pourront commander du petit \u00e9peautre. Me contacter rapidement, c\u2019est un pain tr\u00e8s demand\u00e9. Mail ou \u00e9crire <a href=\"mailto:dgiralda@orange.fr\">dgiralda@orange.fr<\/a><\/p>\n<div class=\"\"><span class=\"\">Nous r\u00e9cup\u00e8rerons les cheques lors de la prochaine livraison le 24 juin et le 1er juillet \u00a0 Premi\u00e8re livraison du contrat le 8 juillet<\/span><\/div>\n<div class=\"\">\u00a0<\/div>\n<h4><span style=\"color: #0000ff;\"><strong>Quelques pr\u00e9cisions sur ce contrat<\/strong><\/span><\/h4>\n<div>\n<p><span style=\"color: #0000ff;\"><strong>Paysan-boulanger, Cl\u00e9ment Fleurenceau propose du pain biologique au pur levain naturel fait avec des farines issues de vari\u00e9t\u00e9s paysannes de bl\u00e9\u0301, seigle et petit \u00e9peautre qu\u2019il cultive lui-m\u00eame.<\/strong><\/span><\/p>\n<\/div>\n<div>\n<p><span style=\"color: #0000ff;\"><strong>C&rsquo;est un pain riche en ar\u00f4mes qui se conserve assez longtemps.<\/strong><\/span><\/p>\n<\/div>\n<div>\n<p><span style=\"color: #0000ff;\"><strong>Il le fa\u00e7onne \u00e0 la main et le cuit dans un four en pierre r\u00e9fractaire.<\/strong><\/span><\/p>\n<\/div>\n<div>\n<p><span style=\"color: #0000ff;\"><strong>Les farines sont moulues sur meules de pierre. Ceci permet de garder le germe de bl\u00e9, riche en vitamines et en min\u00e9raux, et une partie du son, riche en fibres. Le sel gris non raffin\u00e9 provient des marais salants de l\u2019Ile de R\u00e9\u0301. L&rsquo;eau utilis\u00e9e est purifi\u00e9e par filtration<\/strong><\/span><\/p>\n<\/div>\n<div>\n<p><span style=\"color: #0000ff;\"><strong>Sont propos\u00e9s\u00a0:<\/strong><\/span><\/p>\n<\/div>\n<div>\n<p><span style=\"color: #0000ff;\"><strong>du pain de Campagne (Bl\u00e9 T80) sous plusieurs formats (800 ou 500g),<\/strong><\/span><\/p>\n<\/div>\n<div>\n<p><span style=\"color: #0000ff;\"><strong>du pain de campagne au tournesol, noix , raisin, int\u00e9gral (= complet),<\/strong><\/span><\/p>\n<\/div>\n<div>\n<p><span style=\"color: #0000ff;\"><strong>du pain \u00ab M\u00e9teil \u00bb (Bl\u00e9\u0301+30%Seigle , 800 et 500g)<\/strong><\/span><\/p>\n<\/div>\n<div>\n<p><span style=\"color: #0000ff;\"><strong>et\u00a0 du petit \u00e9peautre (attention en quantit\u00e9 limit\u00e9 donc demander si c\u2019est possible avant de le mettre sur le contrat).<\/strong><\/span><\/p>\n<\/div>\n<h4><span class=\"\">\u00a0<\/span><\/h4>\n<p>Si vous avez des questions n\u2019h\u00e9sitez pas.<\/p>\n<p>Les coordinatrices du contrat pain.<\/p>\n\n\n<figure class=\"wp-block-image size-large\"><img loading=\"lazy\" decoding=\"async\" width=\"1024\" height=\"258\" src=\"http:\/\/www.amaplaneteblanquefort.fr\/wordpress\/wp-content\/uploads\/2020\/06\/Parcelle-de-bl\u00e9-2020-Vue-du-Sud-1024x258.jpg\" alt=\"\" class=\"wp-image-9920\" srcset=\"http:\/\/www.amaplaneteblanquefort.fr\/wordpress\/wp-content\/uploads\/2020\/06\/Parcelle-de-bl\u00e9-2020-Vue-du-Sud-1024x258.jpg 1024w, http:\/\/www.amaplaneteblanquefort.fr\/wordpress\/wp-content\/uploads\/2020\/06\/Parcelle-de-bl\u00e9-2020-Vue-du-Sud-300x76.jpg 300w, http:\/\/www.amaplaneteblanquefort.fr\/wordpress\/wp-content\/uploads\/2020\/06\/Parcelle-de-bl\u00e9-2020-Vue-du-Sud-768x193.jpg 768w, http:\/\/www.amaplaneteblanquefort.fr\/wordpress\/wp-content\/uploads\/2020\/06\/Parcelle-de-bl\u00e9-2020-Vue-du-Sud-1536x387.jpg 1536w, http:\/\/www.amaplaneteblanquefort.fr\/wordpress\/wp-content\/uploads\/2020\/06\/Parcelle-de-bl\u00e9-2020-Vue-du-Sud.jpg 1600w\" sizes=\"auto, (max-width: 1024px) 100vw, 1024px\" \/><\/figure>\n\n\n\n<figure class=\"wp-block-image size-large\"><img loading=\"lazy\" decoding=\"async\" width=\"1024\" height=\"291\" src=\"http:\/\/www.amaplaneteblanquefort.fr\/wordpress\/wp-content\/uploads\/2020\/06\/Parcelle-de-bl\u00e9-2020-Vue-du-Nord-1024x291.jpg\" alt=\"\" class=\"wp-image-9919\" srcset=\"http:\/\/www.amaplaneteblanquefort.fr\/wordpress\/wp-content\/uploads\/2020\/06\/Parcelle-de-bl\u00e9-2020-Vue-du-Nord-1024x291.jpg 1024w, http:\/\/www.amaplaneteblanquefort.fr\/wordpress\/wp-content\/uploads\/2020\/06\/Parcelle-de-bl\u00e9-2020-Vue-du-Nord-300x85.jpg 300w, http:\/\/www.amaplaneteblanquefort.fr\/wordpress\/wp-content\/uploads\/2020\/06\/Parcelle-de-bl\u00e9-2020-Vue-du-Nord-768x218.jpg 768w, http:\/\/www.amaplaneteblanquefort.fr\/wordpress\/wp-content\/uploads\/2020\/06\/Parcelle-de-bl\u00e9-2020-Vue-du-Nord-1536x436.jpg 1536w, http:\/\/www.amaplaneteblanquefort.fr\/wordpress\/wp-content\/uploads\/2020\/06\/Parcelle-de-bl\u00e9-2020-Vue-du-Nord.jpg 1613w\" sizes=\"auto, (max-width: 1024px) 100vw, 1024px\" \/><\/figure>\n","protected":false},"excerpt":{"rendered":"<p>Le nouveau contrat de Juillet \u00a0\u00e0 d\u00e9cembre \u00a02021 \u00a0est sur\u00a0AMAP J \u00a0 https:\/\/contrats2.amapj.fr\/p\/blanquefort#!\/mes_contrats Attention, il faut souscrire \u00e0 la fois le contrat quinzaine 1 et le contrat quinzaine 2, ils sont indissociables. Les pains command\u00e9s pour chaque contrat ne peuvent pas changer d\u2019une date \u00e0 l\u2019autre ce seront toujours les m\u00eames pour toute la dur\u00e9e &hellip; <a href=\"http:\/\/www.amaplaneteblanquefort.fr\/wordpress\/2021\/06\/21\/nouveau-contrat-pain-3\/\" class=\"more-link\">Continuer la lecture de <span class=\"screen-reader-text\">NOUVEAU CONTRAT PAIN<\/span> <span class=\"meta-nav\">&rarr;<\/span><\/a><\/p>\n","protected":false},"author":7,"featured_media":0,"comment_status":"open","ping_status":"open","sticky":false,"template":"","format":"standard","meta":{"footnotes":""},"categories":[22],"tags":[],"class_list":["post-8649","post","type-post","status-publish","format-standard","hentry","category-10-volailles"],"_links":{"self":[{"href":"http:\/\/www.amaplaneteblanquefort.fr\/wordpress\/wp-json\/wp\/v2\/posts\/8649","targetHints":{"allow":["GET"]}}],"collection":[{"href":"http:\/\/www.amaplaneteblanquefort.fr\/wordpress\/wp-json\/wp\/v2\/posts"}],"about":[{"href":"http:\/\/www.amaplaneteblanquefort.fr\/wordpress\/wp-json\/wp\/v2\/types\/post"}],"author":[{"embeddable":true,"href":"http:\/\/www.amaplaneteblanquefort.fr\/wordpress\/wp-json\/wp\/v2\/users\/7"}],"replies":[{"embeddable":true,"href":"http:\/\/www.amaplaneteblanquefort.fr\/wordpress\/wp-json\/wp\/v2\/comments?post=8649"}],"version-history":[{"count":24,"href":"http:\/\/www.amaplaneteblanquefort.fr\/wordpress\/wp-json\/wp\/v2\/posts\/8649\/revisions"}],"predecessor-version":[{"id":11563,"href":"http:\/\/www.amaplaneteblanquefort.fr\/wordpress\/wp-json\/wp\/v2\/posts\/8649\/revisions\/11563"}],"wp:attachment":[{"href":"http:\/\/www.amaplaneteblanquefort.fr\/wordpress\/wp-json\/wp\/v2\/media?parent=8649"}],"wp:term":[{"taxonomy":"category","embeddable":true,"href":"http:\/\/www.amaplaneteblanquefort.fr\/wordpress\/wp-json\/wp\/v2\/categories?post=8649"},{"taxonomy":"post_tag","embeddable":true,"href":"http:\/\/www.amaplaneteblanquefort.fr\/wordpress\/wp-json\/wp\/v2\/tags?post=8649"}],"curies":[{"name":"wp","href":"https:\/\/api.w.org\/{rel}","templated":true}]}}