{"id":8625,"date":"2018-11-22T09:02:39","date_gmt":"2018-11-22T08:02:39","guid":{"rendered":"http:\/\/www.amaplaneteblanquefort.fr\/wordpress\/?p=8625"},"modified":"2018-11-22T11:12:33","modified_gmt":"2018-11-22T10:12:33","slug":"du-nouveau-a-la-ferme-du-paillot","status":"publish","type":"post","link":"http:\/\/www.amaplaneteblanquefort.fr\/wordpress\/2018\/11\/22\/du-nouveau-a-la-ferme-du-paillot\/","title":{"rendered":"La laine de la ferme du paillot"},"content":{"rendered":"<div><img decoding=\"async\" id=\"cc-m-imagesubtitle-image-9945353698\" class=\"aligncenter\" src=\"https:\/\/image.jimcdn.com\/app\/cms\/image\/transf\/dimension=284x10000:format=jpg\/path\/s0e3e7a20774012c7\/image\/i3fe0807c12db0baa\/version\/1426261998\/image.jpg\" alt=\"\" \/><\/div>\n<div>Du nouveau sur\u00a0le site internet\u00a0 <a href=\"http:\/\/www.lafermedupaillot.com\/\" target=\"_blank\" rel=\"noopener noreferrer\"> www.lafermedupaillot.com<\/a><\/div>\n<div><\/div>\n<div>Dans l&rsquo;attente de pouvoir vous accueillir dans mon atelier laine (divers atelier pour fin 2019) j&rsquo;ai cr\u00e9e une rubrique Atelier Boutique sur notre site internet: <a href=\"https:\/\/www.lafermedupaillot.com\/atelier-boutique\/\"> lafermedupaillot.com<\/a><\/div>\n<div><\/div>\n<div>J&rsquo;ai mis sur notre site quelques articles. Si vous \u00eates int\u00e9ress\u00e9s ou bien si vous souhaitez un renseignement n&rsquo;h\u00e9sitez pas \u00e0 nous recontacter.<\/div>\n<div>Dominique<\/div>\n<div><\/div>\n<div><\/div>\n","protected":false},"excerpt":{"rendered":"<p>Du nouveau sur\u00a0le site internet\u00a0 www.lafermedupaillot.com Dans l&rsquo;attente de pouvoir vous accueillir dans mon atelier laine (divers atelier pour fin 2019) j&rsquo;ai cr\u00e9e une rubrique Atelier Boutique sur notre site internet: lafermedupaillot.com J&rsquo;ai mis sur notre site quelques articles. Si vous \u00eates int\u00e9ress\u00e9s ou bien si vous souhaitez un renseignement n&rsquo;h\u00e9sitez pas \u00e0 nous recontacter. &hellip; <a href=\"http:\/\/www.amaplaneteblanquefort.fr\/wordpress\/2018\/11\/22\/du-nouveau-a-la-ferme-du-paillot\/\" class=\"more-link\">Continuer la lecture de <span class=\"screen-reader-text\">La laine de la ferme du paillot<\/span> <span class=\"meta-nav\">&rarr;<\/span><\/a><\/p>\n","protected":false},"author":17,"featured_media":0,"comment_status":"open","ping_status":"open","sticky":false,"template":"","format":"standard","meta":{"footnotes":""},"categories":[8],"tags":[],"class_list":["post-8625","post","type-post","status-publish","format-standard","hentry","category-04-agneau"],"_links":{"self":[{"href":"http:\/\/www.amaplaneteblanquefort.fr\/wordpress\/wp-json\/wp\/v2\/posts\/8625","targetHints":{"allow":["GET"]}}],"collection":[{"href":"http:\/\/www.amaplaneteblanquefort.fr\/wordpress\/wp-json\/wp\/v2\/posts"}],"about":[{"href":"http:\/\/www.amaplaneteblanquefort.fr\/wordpress\/wp-json\/wp\/v2\/types\/post"}],"author":[{"embeddable":true,"href":"http:\/\/www.amaplaneteblanquefort.fr\/wordpress\/wp-json\/wp\/v2\/users\/17"}],"replies":[{"embeddable":true,"href":"http:\/\/www.amaplaneteblanquefort.fr\/wordpress\/wp-json\/wp\/v2\/comments?post=8625"}],"version-history":[{"count":5,"href":"http:\/\/www.amaplaneteblanquefort.fr\/wordpress\/wp-json\/wp\/v2\/posts\/8625\/revisions"}],"predecessor-version":[{"id":8630,"href":"http:\/\/www.amaplaneteblanquefort.fr\/wordpress\/wp-json\/wp\/v2\/posts\/8625\/revisions\/8630"}],"wp:attachment":[{"href":"http:\/\/www.amaplaneteblanquefort.fr\/wordpress\/wp-json\/wp\/v2\/media?parent=8625"}],"wp:term":[{"taxonomy":"category","embeddable":true,"href":"http:\/\/www.amaplaneteblanquefort.fr\/wordpress\/wp-json\/wp\/v2\/categories?post=8625"},{"taxonomy":"post_tag","embeddable":true,"href":"http:\/\/www.amaplaneteblanquefort.fr\/wordpress\/wp-json\/wp\/v2\/tags?post=8625"}],"curies":[{"name":"wp","href":"https:\/\/api.w.org\/{rel}","templated":true}]}}