{"id":8585,"date":"2018-10-21T17:26:36","date_gmt":"2018-10-21T15:26:36","guid":{"rendered":"http:\/\/www.amaplaneteblanquefort.fr\/wordpress\/?p=8585"},"modified":"2018-10-21T17:30:34","modified_gmt":"2018-10-21T15:30:34","slug":"contrat-fruits-u-08-11-2018","status":"publish","type":"post","link":"http:\/\/www.amaplaneteblanquefort.fr\/wordpress\/2018\/10\/21\/contrat-fruits-u-08-11-2018\/","title":{"rendered":"Contrat fruits u 08\/11\/2018"},"content":{"rendered":"<p>Bonjour \u00e0 toutes et \u00e0 tous,<\/p>\n<p>Pour la livraison du 08 Novembre\u00a0 Mr Bottecchia vous propose<\/p>\n<p align=\"JUSTIFY\"><span style=\"font-family: Times New Roman, serif\"><span style=\"font-size: medium\"><b>Colis de<\/b> <b>2 kgs de noix<\/b> au prix unitaire de <b>12,50 \u20ac<\/b><\/span><\/span><\/p>\n<p align=\"JUSTIFY\"><b> Colis de 1 kg de Prune mi-cuite <\/b>au prix unitaire de<b> 7 \u20ac<\/b><\/p>\n<p align=\"JUSTIFY\"><b> Colis de 3 kg de Pruneau sec <\/b>au prix unitaire de<b> 10,50 \u20ac<\/b><\/p>\n<p>&nbsp;<\/p>\n<p>Une prise de contrat se fera le 25\/11\/2018 \u00e0 la Vacherie.<br \/>\nSi vous \u00eates int\u00e9ress\u00e9s, venez avec les contrats sign\u00e9s et les ch\u00e8ques correspondants<br \/>\nCordialement<\/p>\n<p>Les ch\u00e8ques seront \u00e0 l&rsquo;ordre de Mr BOTTECCHIA Alain<\/p>\n<p>Jacques Vitry et C\u00e9line Perrin<\/p>\n<p><a href=\"http:\/\/www.amaplaneteblanquefort.fr\/wordpress\/wp-content\/uploads\/2018\/10\/contrat-supp-fruits-du-08-11-2018.pdf\">contrat supp fruits du 08-11-2018<\/a><\/p>\n","protected":false},"excerpt":{"rendered":"<p>Bonjour \u00e0 toutes et \u00e0 tous, Pour la livraison du 08 Novembre\u00a0 Mr Bottecchia vous propose Colis de 2 kgs de noix au prix unitaire de 12,50 \u20ac Colis de 1 kg de Prune mi-cuite au prix unitaire de 7 \u20ac Colis de 3 kg de Pruneau sec au prix unitaire de 10,50 \u20ac &nbsp; &hellip; <a href=\"http:\/\/www.amaplaneteblanquefort.fr\/wordpress\/2018\/10\/21\/contrat-fruits-u-08-11-2018\/\" class=\"more-link\">Continuer la lecture de <span class=\"screen-reader-text\">Contrat fruits u 08\/11\/2018<\/span> <span class=\"meta-nav\">&rarr;<\/span><\/a><\/p>\n","protected":false},"author":13,"featured_media":0,"comment_status":"open","ping_status":"open","sticky":false,"template":"","format":"standard","meta":{"footnotes":""},"categories":[25,1],"tags":[],"class_list":["post-8585","post","type-post","status-publish","format-standard","hentry","category-13-fruits","category-non-classe"],"_links":{"self":[{"href":"http:\/\/www.amaplaneteblanquefort.fr\/wordpress\/wp-json\/wp\/v2\/posts\/8585","targetHints":{"allow":["GET"]}}],"collection":[{"href":"http:\/\/www.amaplaneteblanquefort.fr\/wordpress\/wp-json\/wp\/v2\/posts"}],"about":[{"href":"http:\/\/www.amaplaneteblanquefort.fr\/wordpress\/wp-json\/wp\/v2\/types\/post"}],"author":[{"embeddable":true,"href":"http:\/\/www.amaplaneteblanquefort.fr\/wordpress\/wp-json\/wp\/v2\/users\/13"}],"replies":[{"embeddable":true,"href":"http:\/\/www.amaplaneteblanquefort.fr\/wordpress\/wp-json\/wp\/v2\/comments?post=8585"}],"version-history":[{"count":1,"href":"http:\/\/www.amaplaneteblanquefort.fr\/wordpress\/wp-json\/wp\/v2\/posts\/8585\/revisions"}],"predecessor-version":[{"id":8587,"href":"http:\/\/www.amaplaneteblanquefort.fr\/wordpress\/wp-json\/wp\/v2\/posts\/8585\/revisions\/8587"}],"wp:attachment":[{"href":"http:\/\/www.amaplaneteblanquefort.fr\/wordpress\/wp-json\/wp\/v2\/media?parent=8585"}],"wp:term":[{"taxonomy":"category","embeddable":true,"href":"http:\/\/www.amaplaneteblanquefort.fr\/wordpress\/wp-json\/wp\/v2\/categories?post=8585"},{"taxonomy":"post_tag","embeddable":true,"href":"http:\/\/www.amaplaneteblanquefort.fr\/wordpress\/wp-json\/wp\/v2\/tags?post=8585"}],"curies":[{"name":"wp","href":"https:\/\/api.w.org\/{rel}","templated":true}]}}