{"id":8491,"date":"2018-09-16T15:56:40","date_gmt":"2018-09-16T13:56:40","guid":{"rendered":"http:\/\/www.amaplaneteblanquefort.fr\/wordpress\/?p=8491"},"modified":"2018-09-16T15:58:02","modified_gmt":"2018-09-16T13:58:02","slug":"contrat-panier-fruits-du-27-09-2018","status":"publish","type":"post","link":"http:\/\/www.amaplaneteblanquefort.fr\/wordpress\/2018\/09\/16\/contrat-panier-fruits-du-27-09-2018\/","title":{"rendered":"Contrat panier fruits du 27\/09\/2018"},"content":{"rendered":"<p>Bonjour \u00e0 toutes et \u00e0 tous,<\/p>\n<p>Pour la livraison du 27 septembre, Mr Bottecchia vous propose un panier compos\u00e9 de 2kg de raisin et 0.5kg de prunes mi-cuites.<\/p>\n<p>Prix du panier: 11\u20ac<\/p>\n<p>&nbsp;<\/p>\n<p>Pour les plus gourmands, possibilit\u00e9 d&rsquo;avoir des prunes mi-cuites en colis de 1kg.<\/p>\n<p>Prix du colis: 7\u20ac<\/p>\n<p>&nbsp;<\/p>\n<div>Une prise de contrat se fera le 20\/09\/2018 \u00e0 la Vacherie.<\/div>\n<div>Si vous \u00eates int\u00e9ress\u00e9s, venez avec les contrats sign\u00e9s et les ch\u00e8ques correspondants<\/div>\n<div>Cordialement<\/div>\n<div>\n<p>Jacques Vitry et C\u00e9line Perrin<\/p>\n<div class=\"yj6qo\"><\/div>\n<div class=\"m_-7058372216680861604gmail-adL adL\"><\/div>\n<\/div>\n<p><a href=\"http:\/\/www.amaplaneteblanquefort.fr\/wordpress\/wp-content\/uploads\/2018\/09\/contrat-pour-panier-raisin-et-prunes-mi-cuites-du-27-09-2018.pdf\">Acc\u00e9der au contrat<\/a><\/p>\n","protected":false},"excerpt":{"rendered":"<p>Bonjour \u00e0 toutes et \u00e0 tous, Pour la livraison du 27 septembre, Mr Bottecchia vous propose un panier compos\u00e9 de 2kg de raisin et 0.5kg de prunes mi-cuites. Prix du panier: 11\u20ac &nbsp; Pour les plus gourmands, possibilit\u00e9 d&rsquo;avoir des prunes mi-cuites en colis de 1kg. Prix du colis: 7\u20ac &nbsp; Une prise de contrat &hellip; <a href=\"http:\/\/www.amaplaneteblanquefort.fr\/wordpress\/2018\/09\/16\/contrat-panier-fruits-du-27-09-2018\/\" class=\"more-link\">Continuer la lecture de <span class=\"screen-reader-text\">Contrat panier fruits du 27\/09\/2018<\/span> <span class=\"meta-nav\">&rarr;<\/span><\/a><\/p>\n","protected":false},"author":13,"featured_media":0,"comment_status":"open","ping_status":"open","sticky":false,"template":"","format":"standard","meta":{"footnotes":""},"categories":[25,1],"tags":[],"class_list":["post-8491","post","type-post","status-publish","format-standard","hentry","category-13-fruits","category-non-classe"],"_links":{"self":[{"href":"http:\/\/www.amaplaneteblanquefort.fr\/wordpress\/wp-json\/wp\/v2\/posts\/8491","targetHints":{"allow":["GET"]}}],"collection":[{"href":"http:\/\/www.amaplaneteblanquefort.fr\/wordpress\/wp-json\/wp\/v2\/posts"}],"about":[{"href":"http:\/\/www.amaplaneteblanquefort.fr\/wordpress\/wp-json\/wp\/v2\/types\/post"}],"author":[{"embeddable":true,"href":"http:\/\/www.amaplaneteblanquefort.fr\/wordpress\/wp-json\/wp\/v2\/users\/13"}],"replies":[{"embeddable":true,"href":"http:\/\/www.amaplaneteblanquefort.fr\/wordpress\/wp-json\/wp\/v2\/comments?post=8491"}],"version-history":[{"count":2,"href":"http:\/\/www.amaplaneteblanquefort.fr\/wordpress\/wp-json\/wp\/v2\/posts\/8491\/revisions"}],"predecessor-version":[{"id":8493,"href":"http:\/\/www.amaplaneteblanquefort.fr\/wordpress\/wp-json\/wp\/v2\/posts\/8491\/revisions\/8493"}],"wp:attachment":[{"href":"http:\/\/www.amaplaneteblanquefort.fr\/wordpress\/wp-json\/wp\/v2\/media?parent=8491"}],"wp:term":[{"taxonomy":"category","embeddable":true,"href":"http:\/\/www.amaplaneteblanquefort.fr\/wordpress\/wp-json\/wp\/v2\/categories?post=8491"},{"taxonomy":"post_tag","embeddable":true,"href":"http:\/\/www.amaplaneteblanquefort.fr\/wordpress\/wp-json\/wp\/v2\/tags?post=8491"}],"curies":[{"name":"wp","href":"https:\/\/api.w.org\/{rel}","templated":true}]}}