{"id":8477,"date":"2018-09-05T10:49:23","date_gmt":"2018-09-05T08:49:23","guid":{"rendered":"http:\/\/www.amaplaneteblanquefort.fr\/wordpress\/?p=8477"},"modified":"2018-09-05T10:49:23","modified_gmt":"2018-09-05T08:49:23","slug":"produits-menagers","status":"publish","type":"post","link":"http:\/\/www.amaplaneteblanquefort.fr\/wordpress\/2018\/09\/05\/produits-menagers\/","title":{"rendered":"Produits m\u00e9nagers"},"content":{"rendered":"<p>Mathias nous proposent les m\u00eames produits avec maintien des tarifs<\/p>\n<p>La prochaine livraison s&rsquo;effectuera le <strong>20 septembre 2018.<\/strong><\/p>\n<p>Les<strong> 6 et 13 septembre<\/strong> vous pouvez nous d\u00e9poser votre contrat accompagn\u00e9 du ou des ch\u00e8ques .<\/p>\n<p><a href=\"http:\/\/www.amaplaneteblanquefort.fr\/wordpress\/wp-content\/uploads\/2018\/09\/le-contrat-des-produits-sept-2018-juin-2019-1.docx\">le-contrat-des-produits-sept-2018-juin-2019 (1)<\/a><\/p>\n<p>Pour la coordination<\/p>\n<p>Danielle Sanz<\/p>\n","protected":false},"excerpt":{"rendered":"<p>Mathias nous proposent les m\u00eames produits avec maintien des tarifs La prochaine livraison s&rsquo;effectuera le 20 septembre 2018. Les 6 et 13 septembre vous pouvez nous d\u00e9poser votre contrat accompagn\u00e9 du ou des ch\u00e8ques . le-contrat-des-produits-sept-2018-juin-2019 (1) Pour la coordination Danielle Sanz<\/p>\n","protected":false},"author":975,"featured_media":0,"comment_status":"open","ping_status":"open","sticky":false,"template":"","format":"standard","meta":{"footnotes":""},"categories":[27],"tags":[],"class_list":["post-8477","post","type-post","status-publish","format-standard","hentry","category-15-produits-menagers"],"_links":{"self":[{"href":"http:\/\/www.amaplaneteblanquefort.fr\/wordpress\/wp-json\/wp\/v2\/posts\/8477","targetHints":{"allow":["GET"]}}],"collection":[{"href":"http:\/\/www.amaplaneteblanquefort.fr\/wordpress\/wp-json\/wp\/v2\/posts"}],"about":[{"href":"http:\/\/www.amaplaneteblanquefort.fr\/wordpress\/wp-json\/wp\/v2\/types\/post"}],"author":[{"embeddable":true,"href":"http:\/\/www.amaplaneteblanquefort.fr\/wordpress\/wp-json\/wp\/v2\/users\/975"}],"replies":[{"embeddable":true,"href":"http:\/\/www.amaplaneteblanquefort.fr\/wordpress\/wp-json\/wp\/v2\/comments?post=8477"}],"version-history":[{"count":1,"href":"http:\/\/www.amaplaneteblanquefort.fr\/wordpress\/wp-json\/wp\/v2\/posts\/8477\/revisions"}],"predecessor-version":[{"id":8479,"href":"http:\/\/www.amaplaneteblanquefort.fr\/wordpress\/wp-json\/wp\/v2\/posts\/8477\/revisions\/8479"}],"wp:attachment":[{"href":"http:\/\/www.amaplaneteblanquefort.fr\/wordpress\/wp-json\/wp\/v2\/media?parent=8477"}],"wp:term":[{"taxonomy":"category","embeddable":true,"href":"http:\/\/www.amaplaneteblanquefort.fr\/wordpress\/wp-json\/wp\/v2\/categories?post=8477"},{"taxonomy":"post_tag","embeddable":true,"href":"http:\/\/www.amaplaneteblanquefort.fr\/wordpress\/wp-json\/wp\/v2\/tags?post=8477"}],"curies":[{"name":"wp","href":"https:\/\/api.w.org\/{rel}","templated":true}]}}