{"id":8299,"date":"2018-03-28T21:16:31","date_gmt":"2018-03-28T19:16:31","guid":{"rendered":"http:\/\/www.amaplaneteblanquefort.fr\/wordpress\/?p=8299"},"modified":"2018-03-28T21:17:25","modified_gmt":"2018-03-28T19:17:25","slug":"nouveau-contrat-asperges-3","status":"publish","type":"post","link":"http:\/\/www.amaplaneteblanquefort.fr\/wordpress\/2018\/03\/28\/nouveau-contrat-asperges-3\/","title":{"rendered":"Nouveau contrat asperges"},"content":{"rendered":"<p class=\"western\"><span style=\"font-family: 'Comic Sans MS', serif;\"><span style=\"font-size: medium;\">Donna HARVEY nous propose, comme les ann\u00e9es pr\u00e9c\u00e9dentes, des asperges bio.<\/span><\/span><\/p>\n<p class=\"western\"><span style=\"font-family: 'Comic Sans MS', serif;\"><span style=\"font-size: medium;\">\u00a0<\/span><\/span><span style=\"font-family: 'Comic Sans MS', serif;\"><span style=\"font-size: medium;\">Jeudi 29 mars, vous pourrez souscrire le contrat asperges-bio.<\/span><\/span><\/p>\n<p class=\"western\"><span style=\"font-family: 'Comic Sans MS', serif;\"><span style=\"font-size: medium;\">\u00a0<\/span><\/span><span style=\"font-family: 'Comic Sans MS', serif;\"><span style=\"font-size: medium;\">Les dates de livraisons\u00a0: jeudis 5 et 19 avril, 3, 17 et 31 mai, 7 juin.<\/span><\/span><\/p>\n<p class=\"western\"><span style=\"font-family: 'Comic Sans MS', serif;\"><span style=\"font-size: medium;\">\u00a0<\/span><\/span><span style=\"font-family: 'Comic Sans MS', serif;\"><span style=\"font-size: medium;\">Profitez-en, la saison est courte !! <\/span><\/span><\/p>\n<p class=\"western\"><span style=\"font-family: 'Comic Sans MS', serif;\"><span style=\"font-size: medium;\">\u00a0<\/span><\/span><span style=\"font-family: 'Comic Sans MS', serif;\"><span style=\"font-size: medium;\">Merci d&rsquo;apporter votre contrat imprim\u00e9<br \/>\n<\/span><\/span><\/p>\n<p class=\"western\"><span style=\"font-family: 'Comic Sans MS', serif;\"><span style=\"font-size: medium;\">\u00a0<\/span><\/span><span style=\"font-family: 'Comic Sans MS', serif;\"><span style=\"font-size: medium;\">les coordinatrices<\/span><\/span><\/p>\n<p class=\"western\"><span style=\"font-family: 'Comic Sans MS', serif;\"><span style=\"font-size: medium;\">\u00a0<\/span><\/span><span style=\"font-family: 'Comic Sans MS', serif;\"><span style=\"font-size: medium;\">Dany\u00a0et Evelyne<\/span><\/span><\/p>\n<p><a href=\"http:\/\/www.amaplaneteblanquefort.fr\/wordpress\/wp-content\/uploads\/2018\/03\/contrat_asperges_2018.docx\">contrat_asperges_2018<\/a><\/p>\n","protected":false},"excerpt":{"rendered":"<p>Donna HARVEY nous propose, comme les ann\u00e9es pr\u00e9c\u00e9dentes, des asperges bio. \u00a0Jeudi 29 mars, vous pourrez souscrire le contrat asperges-bio. \u00a0Les dates de livraisons\u00a0: jeudis 5 et 19 avril, 3, 17 et 31 mai, 7 juin. \u00a0Profitez-en, la saison est courte !! \u00a0Merci d&rsquo;apporter votre contrat imprim\u00e9 \u00a0les coordinatrices \u00a0Dany\u00a0et Evelyne contrat_asperges_2018<\/p>\n","protected":false},"author":7,"featured_media":0,"comment_status":"open","ping_status":"open","sticky":false,"template":"","format":"standard","meta":{"footnotes":""},"categories":[36,1],"tags":[],"class_list":["post-8299","post","type-post","status-publish","format-standard","hentry","category-asperges","category-non-classe"],"_links":{"self":[{"href":"http:\/\/www.amaplaneteblanquefort.fr\/wordpress\/wp-json\/wp\/v2\/posts\/8299","targetHints":{"allow":["GET"]}}],"collection":[{"href":"http:\/\/www.amaplaneteblanquefort.fr\/wordpress\/wp-json\/wp\/v2\/posts"}],"about":[{"href":"http:\/\/www.amaplaneteblanquefort.fr\/wordpress\/wp-json\/wp\/v2\/types\/post"}],"author":[{"embeddable":true,"href":"http:\/\/www.amaplaneteblanquefort.fr\/wordpress\/wp-json\/wp\/v2\/users\/7"}],"replies":[{"embeddable":true,"href":"http:\/\/www.amaplaneteblanquefort.fr\/wordpress\/wp-json\/wp\/v2\/comments?post=8299"}],"version-history":[{"count":2,"href":"http:\/\/www.amaplaneteblanquefort.fr\/wordpress\/wp-json\/wp\/v2\/posts\/8299\/revisions"}],"predecessor-version":[{"id":8302,"href":"http:\/\/www.amaplaneteblanquefort.fr\/wordpress\/wp-json\/wp\/v2\/posts\/8299\/revisions\/8302"}],"wp:attachment":[{"href":"http:\/\/www.amaplaneteblanquefort.fr\/wordpress\/wp-json\/wp\/v2\/media?parent=8299"}],"wp:term":[{"taxonomy":"category","embeddable":true,"href":"http:\/\/www.amaplaneteblanquefort.fr\/wordpress\/wp-json\/wp\/v2\/categories?post=8299"},{"taxonomy":"post_tag","embeddable":true,"href":"http:\/\/www.amaplaneteblanquefort.fr\/wordpress\/wp-json\/wp\/v2\/tags?post=8299"}],"curies":[{"name":"wp","href":"https:\/\/api.w.org\/{rel}","templated":true}]}}