{"id":8261,"date":"2018-02-11T18:39:27","date_gmt":"2018-02-11T17:39:27","guid":{"rendered":"http:\/\/www.amaplaneteblanquefort.fr\/wordpress\/?p=8261"},"modified":"2018-02-11T18:39:27","modified_gmt":"2018-02-11T17:39:27","slug":"ag-19-01-2018","status":"publish","type":"post","link":"http:\/\/www.amaplaneteblanquefort.fr\/wordpress\/2018\/02\/11\/ag-19-01-2018\/","title":{"rendered":"AG 19\/01\/2018"},"content":{"rendered":"<p>Bonjour,<\/p>\n<p>Le 19 janvier 2018 a eu lieu l&rsquo;assembl\u00e9e g\u00e9n\u00e9rale de notre association.<\/p>\n<p>Vous trouverez ci apr\u00e8s le compte rendu :\u00a0<a href=\"http:\/\/www.amaplaneteblanquefort.fr\/wordpress\/wp-content\/uploads\/2018\/02\/CR_AG_19janv18.docx\">CR_AG_19janv18<\/a>\u00a0,<\/p>\n<p>les comptes :\u00a0<a href=\"http:\/\/www.amaplaneteblanquefort.fr\/wordpress\/wp-content\/uploads\/2018\/02\/comptes_2017.pdf\">comptes_2017<\/a><\/p>\n<p>ainsi que le budget pr\u00e9visionnel :\u00a0<a href=\"http:\/\/www.amaplaneteblanquefort.fr\/wordpress\/wp-content\/uploads\/2018\/02\/previsionnel_2018.pdf\">previsionnel_2018<\/a><\/p>\n<p>Cordialement<\/p>\n<p>Le bureau d&rsquo;Amaplanete BLANQUEFORT<\/p>\n","protected":false},"excerpt":{"rendered":"<p>Bonjour, Le 19 janvier 2018 a eu lieu l&rsquo;assembl\u00e9e g\u00e9n\u00e9rale de notre association. Vous trouverez ci apr\u00e8s le compte rendu :\u00a0CR_AG_19janv18\u00a0, les comptes :\u00a0comptes_2017 ainsi que le budget pr\u00e9visionnel :\u00a0previsionnel_2018 Cordialement Le bureau d&rsquo;Amaplanete BLANQUEFORT<\/p>\n","protected":false},"author":1,"featured_media":0,"comment_status":"open","ping_status":"open","sticky":false,"template":"","format":"standard","meta":{"footnotes":""},"categories":[33],"tags":[],"class_list":["post-8261","post","type-post","status-publish","format-standard","hentry","category-b-la-conduite-de-lassociation"],"_links":{"self":[{"href":"http:\/\/www.amaplaneteblanquefort.fr\/wordpress\/wp-json\/wp\/v2\/posts\/8261","targetHints":{"allow":["GET"]}}],"collection":[{"href":"http:\/\/www.amaplaneteblanquefort.fr\/wordpress\/wp-json\/wp\/v2\/posts"}],"about":[{"href":"http:\/\/www.amaplaneteblanquefort.fr\/wordpress\/wp-json\/wp\/v2\/types\/post"}],"author":[{"embeddable":true,"href":"http:\/\/www.amaplaneteblanquefort.fr\/wordpress\/wp-json\/wp\/v2\/users\/1"}],"replies":[{"embeddable":true,"href":"http:\/\/www.amaplaneteblanquefort.fr\/wordpress\/wp-json\/wp\/v2\/comments?post=8261"}],"version-history":[{"count":2,"href":"http:\/\/www.amaplaneteblanquefort.fr\/wordpress\/wp-json\/wp\/v2\/posts\/8261\/revisions"}],"predecessor-version":[{"id":8266,"href":"http:\/\/www.amaplaneteblanquefort.fr\/wordpress\/wp-json\/wp\/v2\/posts\/8261\/revisions\/8266"}],"wp:attachment":[{"href":"http:\/\/www.amaplaneteblanquefort.fr\/wordpress\/wp-json\/wp\/v2\/media?parent=8261"}],"wp:term":[{"taxonomy":"category","embeddable":true,"href":"http:\/\/www.amaplaneteblanquefort.fr\/wordpress\/wp-json\/wp\/v2\/categories?post=8261"},{"taxonomy":"post_tag","embeddable":true,"href":"http:\/\/www.amaplaneteblanquefort.fr\/wordpress\/wp-json\/wp\/v2\/tags?post=8261"}],"curies":[{"name":"wp","href":"https:\/\/api.w.org\/{rel}","templated":true}]}}