{"id":8215,"date":"2018-01-20T20:13:36","date_gmt":"2018-01-20T19:13:36","guid":{"rendered":"http:\/\/www.amaplaneteblanquefort.fr\/wordpress\/?p=8215"},"modified":"2018-07-16T12:27:12","modified_gmt":"2018-07-16T10:27:12","slug":"adhesions-2018","status":"publish","type":"post","link":"http:\/\/www.amaplaneteblanquefort.fr\/wordpress\/2018\/01\/20\/adhesions-2018\/","title":{"rendered":"ADHESIONS 2018"},"content":{"rendered":"<p><em><a href=\"http:\/\/www.amaplaneteblanquefort.fr\/wordpress\/wp-content\/uploads\/2016\/01\/logo.jpg\"><img loading=\"lazy\" decoding=\"async\" class=\"alignnone  wp-image-6569\" src=\"http:\/\/www.amaplaneteblanquefort.fr\/wordpress\/wp-content\/uploads\/2016\/01\/logo.jpg\" alt=\"\" width=\"127\" height=\"129\" \/><\/a>Adh\u00e9sion 2018<\/em><\/p>\n<p><em>Vous pourrez renouveler votre adh\u00e9sion \u00e0 partir de jeudi 25 janvier.<br \/>\n<\/em><\/p>\n<p><em>Nous vous rappelons que celle-ci est obligatoire pour prendre un nouveau contrat.<br \/>\n<\/em><\/p>\n<p><em>Merci d&rsquo;imprimer votre bulletin ainsi que le contrat d&rsquo;engagement \u00e0 lire et accept\u00e9.<\/em><\/p>\n<p><a href=\"http:\/\/www.amaplaneteblanquefort.fr\/wordpress\/wp-content\/uploads\/2018\/01\/AMAPlan\u00e8te-Adh\u00e9sion2018.docx\">AMAPlan\u00e8te Adh\u00e9sion2018<\/a><\/p>\n","protected":false},"excerpt":{"rendered":"<p>Adh\u00e9sion 2018 Vous pourrez renouveler votre adh\u00e9sion \u00e0 partir de jeudi 25 janvier. Nous vous rappelons que celle-ci est obligatoire pour prendre un nouveau contrat. Merci d&rsquo;imprimer votre bulletin ainsi que le contrat d&rsquo;engagement \u00e0 lire et accept\u00e9. AMAPlan\u00e8te Adh\u00e9sion2018<\/p>\n","protected":false},"author":7,"featured_media":0,"comment_status":"open","ping_status":"open","sticky":false,"template":"","format":"standard","meta":{"footnotes":""},"categories":[33],"tags":[],"class_list":["post-8215","post","type-post","status-publish","format-standard","hentry","category-b-la-conduite-de-lassociation"],"_links":{"self":[{"href":"http:\/\/www.amaplaneteblanquefort.fr\/wordpress\/wp-json\/wp\/v2\/posts\/8215","targetHints":{"allow":["GET"]}}],"collection":[{"href":"http:\/\/www.amaplaneteblanquefort.fr\/wordpress\/wp-json\/wp\/v2\/posts"}],"about":[{"href":"http:\/\/www.amaplaneteblanquefort.fr\/wordpress\/wp-json\/wp\/v2\/types\/post"}],"author":[{"embeddable":true,"href":"http:\/\/www.amaplaneteblanquefort.fr\/wordpress\/wp-json\/wp\/v2\/users\/7"}],"replies":[{"embeddable":true,"href":"http:\/\/www.amaplaneteblanquefort.fr\/wordpress\/wp-json\/wp\/v2\/comments?post=8215"}],"version-history":[{"count":1,"href":"http:\/\/www.amaplaneteblanquefort.fr\/wordpress\/wp-json\/wp\/v2\/posts\/8215\/revisions"}],"predecessor-version":[{"id":8216,"href":"http:\/\/www.amaplaneteblanquefort.fr\/wordpress\/wp-json\/wp\/v2\/posts\/8215\/revisions\/8216"}],"wp:attachment":[{"href":"http:\/\/www.amaplaneteblanquefort.fr\/wordpress\/wp-json\/wp\/v2\/media?parent=8215"}],"wp:term":[{"taxonomy":"category","embeddable":true,"href":"http:\/\/www.amaplaneteblanquefort.fr\/wordpress\/wp-json\/wp\/v2\/categories?post=8215"},{"taxonomy":"post_tag","embeddable":true,"href":"http:\/\/www.amaplaneteblanquefort.fr\/wordpress\/wp-json\/wp\/v2\/tags?post=8215"}],"curies":[{"name":"wp","href":"https:\/\/api.w.org\/{rel}","templated":true}]}}