{"id":8199,"date":"2018-01-16T18:26:00","date_gmt":"2018-01-16T17:26:00","guid":{"rendered":"http:\/\/www.amaplaneteblanquefort.fr\/wordpress\/?p=8199"},"modified":"2018-01-23T14:02:10","modified_gmt":"2018-01-23T13:02:10","slug":"nouveau-contrat-fromage-de-chevre-3","status":"publish","type":"post","link":"http:\/\/www.amaplaneteblanquefort.fr\/wordpress\/2018\/01\/16\/nouveau-contrat-fromage-de-chevre-3\/","title":{"rendered":"Nouveau contrat fromage de ch\u00e8vre"},"content":{"rendered":"<p><a href=\"http:\/\/www.amaplaneteblanquefort.fr\/wordpress\/wp-content\/uploads\/2016\/02\/IMG_6573.jpg\"><img loading=\"lazy\" decoding=\"async\" class=\"alignnone size-medium wp-image-6671\" src=\"http:\/\/www.amaplaneteblanquefort.fr\/wordpress\/wp-content\/uploads\/2016\/02\/IMG_6573-300x200.jpg\" alt=\"\" width=\"300\" height=\"200\" srcset=\"http:\/\/www.amaplaneteblanquefort.fr\/wordpress\/wp-content\/uploads\/2016\/02\/IMG_6573-300x200.jpg 300w, http:\/\/www.amaplaneteblanquefort.fr\/wordpress\/wp-content\/uploads\/2016\/02\/IMG_6573-1024x683.jpg 1024w, http:\/\/www.amaplaneteblanquefort.fr\/wordpress\/wp-content\/uploads\/2016\/02\/IMG_6573.jpg 1200w\" sizes=\"auto, (max-width: 300px) 100vw, 300px\" \/><\/a><\/p>\n<p>Bonjour<\/p>\n<p>Et bonne ann\u00e9e \u00e0 tous.<\/p>\n<p>Apr\u00e8s la naissance des chevreaux, Marl\u00e8ne pourra relancer sa production des fromages de ch\u00e8vre, et les livraisons reprendront le 8 mars prochain.<\/p>\n<p>De petits changements\u00a0: plus de lots de produits diff\u00e9rents, mais vous les retrouverez de fa\u00e7on individualis\u00e9e, et l\u2019apparition de deux nouveaux crottins.<\/p>\n<p>La tome et les crottins secs ne seront disponibles qu\u2019\u00e0 partir de juin.<\/p>\n<p>Vous pourrez souscrire le nouveau contrat, pour la p\u00e9riode de mars \u00e0 d\u00e9cembre 2018, les 25 janvier, 1<sup>er<\/sup> et 8 f\u00e9vrier. Pensez \u00e0 venir avec vos contrats imprim\u00e9s (2 pages).<\/p>\n<p>Cordialement<\/p>\n<p>Colette, Sylvie et Ghislaine, vos coordinatrices fromage de ch\u00e8vre<\/p>\n<p><a href=\"http:\/\/www.amaplaneteblanquefort.fr\/wordpress\/wp-content\/uploads\/2018\/01\/Contrat-sign\u00e9-Ret.pdf\">Contrat sign\u00e9-Ret<\/a><\/p>\n<p><a href=\"http:\/\/www.amaplaneteblanquefort.fr\/wordpress\/wp-content\/uploads\/2018\/01\/D\u00e9tail-commandes-2018.pdf\">D\u00e9tail commandes 2018<\/a><\/p>\n","protected":false},"excerpt":{"rendered":"<p>Bonjour Et bonne ann\u00e9e \u00e0 tous. Apr\u00e8s la naissance des chevreaux, Marl\u00e8ne pourra relancer sa production des fromages de ch\u00e8vre, et les livraisons reprendront le 8 mars prochain. De petits changements\u00a0: plus de lots de produits diff\u00e9rents, mais vous les retrouverez de fa\u00e7on individualis\u00e9e, et l\u2019apparition de deux nouveaux crottins. La tome et les crottins &hellip; <a href=\"http:\/\/www.amaplaneteblanquefort.fr\/wordpress\/2018\/01\/16\/nouveau-contrat-fromage-de-chevre-3\/\" class=\"more-link\">Continuer la lecture de <span class=\"screen-reader-text\">Nouveau contrat fromage de ch\u00e8vre<\/span> <span class=\"meta-nav\">&rarr;<\/span><\/a><\/p>\n","protected":false},"author":7,"featured_media":0,"comment_status":"open","ping_status":"open","sticky":false,"template":"","format":"standard","meta":{"footnotes":""},"categories":[23,1],"tags":[],"class_list":["post-8199","post","type-post","status-publish","format-standard","hentry","category-11-fromages-de-chevre","category-non-classe"],"_links":{"self":[{"href":"http:\/\/www.amaplaneteblanquefort.fr\/wordpress\/wp-json\/wp\/v2\/posts\/8199","targetHints":{"allow":["GET"]}}],"collection":[{"href":"http:\/\/www.amaplaneteblanquefort.fr\/wordpress\/wp-json\/wp\/v2\/posts"}],"about":[{"href":"http:\/\/www.amaplaneteblanquefort.fr\/wordpress\/wp-json\/wp\/v2\/types\/post"}],"author":[{"embeddable":true,"href":"http:\/\/www.amaplaneteblanquefort.fr\/wordpress\/wp-json\/wp\/v2\/users\/7"}],"replies":[{"embeddable":true,"href":"http:\/\/www.amaplaneteblanquefort.fr\/wordpress\/wp-json\/wp\/v2\/comments?post=8199"}],"version-history":[{"count":5,"href":"http:\/\/www.amaplaneteblanquefort.fr\/wordpress\/wp-json\/wp\/v2\/posts\/8199\/revisions"}],"predecessor-version":[{"id":8242,"href":"http:\/\/www.amaplaneteblanquefort.fr\/wordpress\/wp-json\/wp\/v2\/posts\/8199\/revisions\/8242"}],"wp:attachment":[{"href":"http:\/\/www.amaplaneteblanquefort.fr\/wordpress\/wp-json\/wp\/v2\/media?parent=8199"}],"wp:term":[{"taxonomy":"category","embeddable":true,"href":"http:\/\/www.amaplaneteblanquefort.fr\/wordpress\/wp-json\/wp\/v2\/categories?post=8199"},{"taxonomy":"post_tag","embeddable":true,"href":"http:\/\/www.amaplaneteblanquefort.fr\/wordpress\/wp-json\/wp\/v2\/tags?post=8199"}],"curies":[{"name":"wp","href":"https:\/\/api.w.org\/{rel}","templated":true}]}}