{"id":8191,"date":"2018-01-04T18:09:12","date_gmt":"2018-01-04T17:09:12","guid":{"rendered":"http:\/\/www.amaplaneteblanquefort.fr\/wordpress\/?p=8191"},"modified":"2018-01-04T18:09:12","modified_gmt":"2018-01-04T17:09:12","slug":"assemblee-generale-d-amaplanete-blanquefort-2","status":"publish","type":"post","link":"http:\/\/www.amaplaneteblanquefort.fr\/wordpress\/2018\/01\/04\/assemblee-generale-d-amaplanete-blanquefort-2\/","title":{"rendered":"Assembl\u00e9e g\u00e9n\u00e9rale d&rsquo; Amaplan\u00e8te-Blanquefort"},"content":{"rendered":"<p>La coordination g\u00e9n\u00e9rale d&rsquo; Amaplan\u00e8te-Blanquefefort a le plaisir de vous convier \u00e0 <em><strong>son assembl\u00e9e g\u00e9n\u00e9rale, le vendredi 19 janvier \u00e0 la Maison des Services Publics de Caychac, d\u00e8s 18h30.<\/strong><\/em><\/p>\n<p>Vous trouverez ci-dessous, la convocation avec ordre du jour, la procuration en cas de besoin ainsi que les statuts de l&rsquo;association.<\/p>\n<p><a href=\"http:\/\/www.amaplaneteblanquefort.fr\/wordpress\/wp-content\/uploads\/2018\/01\/convocation-AG-Amap2018.pdf\">convocation AG Amap2018<\/a><\/p>\n<p><a href=\"http:\/\/www.amaplaneteblanquefort.fr\/wordpress\/wp-content\/uploads\/2018\/01\/Procuration-AG-Amap-2018.pdf\">Procuration AG Amap 2018<\/a><\/p>\n<p><a href=\"http:\/\/www.amaplaneteblanquefort.fr\/wordpress\/wp-content\/uploads\/2018\/01\/Statuts-AMAPlan\u00e8te.pdf\">Statuts AMAPlan\u00e8te<\/a><br \/>\nLa r\u00e9union sera suivie du pot de l&rsquo;amiti\u00e9.<\/p>\n<p>Comptant sur votre pr\u00e9sence nombreuse ce jour.<\/p>\n<p>Bien cordialement<\/p>\n<p>La coordination g\u00e9n\u00e9rale<\/p>\n","protected":false},"excerpt":{"rendered":"<p>La coordination g\u00e9n\u00e9rale d&rsquo; Amaplan\u00e8te-Blanquefefort a le plaisir de vous convier \u00e0 son assembl\u00e9e g\u00e9n\u00e9rale, le vendredi 19 janvier \u00e0 la Maison des Services Publics de Caychac, d\u00e8s 18h30. Vous trouverez ci-dessous, la convocation avec ordre du jour, la procuration en cas de besoin ainsi que les statuts de l&rsquo;association. convocation AG Amap2018 Procuration AG &hellip; <a href=\"http:\/\/www.amaplaneteblanquefort.fr\/wordpress\/2018\/01\/04\/assemblee-generale-d-amaplanete-blanquefort-2\/\" class=\"more-link\">Continuer la lecture de <span class=\"screen-reader-text\">Assembl\u00e9e g\u00e9n\u00e9rale d&rsquo; Amaplan\u00e8te-Blanquefort<\/span> <span class=\"meta-nav\">&rarr;<\/span><\/a><\/p>\n","protected":false},"author":1,"featured_media":0,"comment_status":"open","ping_status":"open","sticky":false,"template":"","format":"standard","meta":{"footnotes":""},"categories":[33],"tags":[],"class_list":["post-8191","post","type-post","status-publish","format-standard","hentry","category-b-la-conduite-de-lassociation"],"_links":{"self":[{"href":"http:\/\/www.amaplaneteblanquefort.fr\/wordpress\/wp-json\/wp\/v2\/posts\/8191","targetHints":{"allow":["GET"]}}],"collection":[{"href":"http:\/\/www.amaplaneteblanquefort.fr\/wordpress\/wp-json\/wp\/v2\/posts"}],"about":[{"href":"http:\/\/www.amaplaneteblanquefort.fr\/wordpress\/wp-json\/wp\/v2\/types\/post"}],"author":[{"embeddable":true,"href":"http:\/\/www.amaplaneteblanquefort.fr\/wordpress\/wp-json\/wp\/v2\/users\/1"}],"replies":[{"embeddable":true,"href":"http:\/\/www.amaplaneteblanquefort.fr\/wordpress\/wp-json\/wp\/v2\/comments?post=8191"}],"version-history":[{"count":1,"href":"http:\/\/www.amaplaneteblanquefort.fr\/wordpress\/wp-json\/wp\/v2\/posts\/8191\/revisions"}],"predecessor-version":[{"id":8195,"href":"http:\/\/www.amaplaneteblanquefort.fr\/wordpress\/wp-json\/wp\/v2\/posts\/8191\/revisions\/8195"}],"wp:attachment":[{"href":"http:\/\/www.amaplaneteblanquefort.fr\/wordpress\/wp-json\/wp\/v2\/media?parent=8191"}],"wp:term":[{"taxonomy":"category","embeddable":true,"href":"http:\/\/www.amaplaneteblanquefort.fr\/wordpress\/wp-json\/wp\/v2\/categories?post=8191"},{"taxonomy":"post_tag","embeddable":true,"href":"http:\/\/www.amaplaneteblanquefort.fr\/wordpress\/wp-json\/wp\/v2\/tags?post=8191"}],"curies":[{"name":"wp","href":"https:\/\/api.w.org\/{rel}","templated":true}]}}