{"id":8115,"date":"2018-06-10T14:48:02","date_gmt":"2018-06-10T12:48:02","guid":{"rendered":"http:\/\/www.amaplaneteblanquefort.fr\/wordpress\/?p=8115"},"modified":"2018-07-16T12:25:06","modified_gmt":"2018-07-16T10:25:06","slug":"nouveau-contrat-pain-2","status":"publish","type":"post","link":"http:\/\/www.amaplaneteblanquefort.fr\/wordpress\/2018\/06\/10\/nouveau-contrat-pain-2\/","title":{"rendered":"Nouveau contrat pain"},"content":{"rendered":"<p>Le nouveau contrat pain est arriv\u00e9.<\/p>\n<p><a href=\"http:\/\/www.amaplaneteblanquefort.fr\/wordpress\/wp-content\/uploads\/2015\/10\/8-Enfourner.jpg\"><img loading=\"lazy\" decoding=\"async\" class=\"size-medium wp-image-6372\" src=\"http:\/\/www.amaplaneteblanquefort.fr\/wordpress\/wp-content\/uploads\/2015\/10\/8-Enfourner-300x225.jpg\" alt=\"\" width=\"300\" height=\"225\" srcset=\"http:\/\/www.amaplaneteblanquefort.fr\/wordpress\/wp-content\/uploads\/2015\/10\/8-Enfourner-300x225.jpg 300w, http:\/\/www.amaplaneteblanquefort.fr\/wordpress\/wp-content\/uploads\/2015\/10\/8-Enfourner-1024x768.jpg 1024w, http:\/\/www.amaplaneteblanquefort.fr\/wordpress\/wp-content\/uploads\/2015\/10\/8-Enfourner.jpg 1200w\" sizes=\"auto, (max-width: 300px) 100vw, 300px\" \/><\/a><\/p>\n<p>Cl\u00e9ment est au maximum de ses capacit\u00e9s <span style=\"color: #339966;\">pour le petit \u00e9peautre<\/span> , il ne peux pas prendre de nouvelles commandes par rapport \u00e0 celles du contrat pr\u00e9c\u00e9dent:<\/p>\n<p>donc seuls ceux qui en ont command\u00e9 lors \u00a0du pr\u00e9c\u00e9dent contrat peuvent le faire et les quantit\u00e9s ne doivent pas augmenter .<\/p>\n<p>Nous verrons dans un deuxi\u00e8me temps apr\u00e8s bilan des commandes si nous pouvons le proposer \u00e0 d&rsquo; autres personnes;\u00a0une liste d&rsquo;attente sera faite. Vous pourrez commander en fonction des d\u00e9sistements.<\/p>\n<p>Par contre vous pouvez bien \u00e9videment commander toutes les quantit\u00e9s que vous souhaitez de toutes les autres sortes de pain.<\/p>\n<p>Pour ceux qui partent en vacances en juillet il est possible d&rsquo;\u00f4ter une ou deux des livraisons du mois de juillet<\/p>\n<p>Prise de contrat <strong><span style=\"color: #ff0000;\">\u00a0le jeudi 14 JUIN et le jeudi 28 JUIN<\/span><\/strong><\/p>\n<p><a href=\"http:\/\/www.amaplaneteblanquefort.fr\/wordpress\/wp-content\/uploads\/2018\/06\/contrat-pain-Juillet-decembre-2018-.doc\">contrat pain Juillet decembre 2018<\/a><\/p>\n","protected":false},"excerpt":{"rendered":"<p>Le nouveau contrat pain est arriv\u00e9. Cl\u00e9ment est au maximum de ses capacit\u00e9s pour le petit \u00e9peautre , il ne peux pas prendre de nouvelles commandes par rapport \u00e0 celles du contrat pr\u00e9c\u00e9dent: donc seuls ceux qui en ont command\u00e9 lors \u00a0du pr\u00e9c\u00e9dent contrat peuvent le faire et les quantit\u00e9s ne doivent pas augmenter . &hellip; <a href=\"http:\/\/www.amaplaneteblanquefort.fr\/wordpress\/2018\/06\/10\/nouveau-contrat-pain-2\/\" class=\"more-link\">Continuer la lecture de <span class=\"screen-reader-text\">Nouveau contrat pain<\/span> <span class=\"meta-nav\">&rarr;<\/span><\/a><\/p>\n","protected":false},"author":7,"featured_media":0,"comment_status":"open","ping_status":"open","sticky":false,"template":"","format":"standard","meta":{"footnotes":""},"categories":[22],"tags":[],"class_list":["post-8115","post","type-post","status-publish","format-standard","hentry","category-10-volailles"],"_links":{"self":[{"href":"http:\/\/www.amaplaneteblanquefort.fr\/wordpress\/wp-json\/wp\/v2\/posts\/8115","targetHints":{"allow":["GET"]}}],"collection":[{"href":"http:\/\/www.amaplaneteblanquefort.fr\/wordpress\/wp-json\/wp\/v2\/posts"}],"about":[{"href":"http:\/\/www.amaplaneteblanquefort.fr\/wordpress\/wp-json\/wp\/v2\/types\/post"}],"author":[{"embeddable":true,"href":"http:\/\/www.amaplaneteblanquefort.fr\/wordpress\/wp-json\/wp\/v2\/users\/7"}],"replies":[{"embeddable":true,"href":"http:\/\/www.amaplaneteblanquefort.fr\/wordpress\/wp-json\/wp\/v2\/comments?post=8115"}],"version-history":[{"count":7,"href":"http:\/\/www.amaplaneteblanquefort.fr\/wordpress\/wp-json\/wp\/v2\/posts\/8115\/revisions"}],"predecessor-version":[{"id":8424,"href":"http:\/\/www.amaplaneteblanquefort.fr\/wordpress\/wp-json\/wp\/v2\/posts\/8115\/revisions\/8424"}],"wp:attachment":[{"href":"http:\/\/www.amaplaneteblanquefort.fr\/wordpress\/wp-json\/wp\/v2\/media?parent=8115"}],"wp:term":[{"taxonomy":"category","embeddable":true,"href":"http:\/\/www.amaplaneteblanquefort.fr\/wordpress\/wp-json\/wp\/v2\/categories?post=8115"},{"taxonomy":"post_tag","embeddable":true,"href":"http:\/\/www.amaplaneteblanquefort.fr\/wordpress\/wp-json\/wp\/v2\/tags?post=8115"}],"curies":[{"name":"wp","href":"https:\/\/api.w.org\/{rel}","templated":true}]}}