{"id":8076,"date":"2017-11-08T12:31:42","date_gmt":"2017-11-08T11:31:42","guid":{"rendered":"http:\/\/www.amaplaneteblanquefort.fr\/wordpress\/?p=8076"},"modified":"2017-11-08T12:31:42","modified_gmt":"2017-11-08T11:31:42","slug":"contrat-pleurotes","status":"publish","type":"post","link":"http:\/\/www.amaplaneteblanquefort.fr\/wordpress\/2017\/11\/08\/contrat-pleurotes\/","title":{"rendered":"Contrat pleurotes"},"content":{"rendered":"<p><strong>Madame Roux, productrice du Domaine \u00e9cologique Les Charbonni\u00e8res \u00e0 Montcaret, commune limitrophe de la Gironde, nous propose un contrat pour des pleurotes ostreatus.<\/strong><\/p>\n<p>Le pleurote \u00a0est un champignon d&rsquo;origine sauvage<strong>. Il est cultiv\u00e9 en agriculture biologique.<\/strong>\u00a0<strong>Il contient jusqu\u2019\u00e0 cinq fois plus de prot\u00e9ines que la plupart des l\u00e9gumes. Il procure une grande vari\u00e9t\u00e9 de vitamines et de min\u00e9raux. Il se cong\u00e8le tr\u00e8s bien cru ou cuit, se mange \u00e9galement cru ou cuit\u2026Il ne faut pas le passer sous l\u2019eau, le pleurote est pr\u00eat \u00e0 la consommation.<\/strong><\/p>\n<p>Conseils et recettes: <a href=\"http:\/\/www.amaplaneteblanquefort.fr\/wordpress\/wp-content\/uploads\/2017\/11\/fiche-pleurotes.pdf\">fiche pleurotes<\/a><\/p>\n<p><strong>Les jeudis 9 et\u00a0 16 novembre<\/strong>, vous pourrez prendre le contrat pleurotes aupr\u00e8s de Muriel Ozaneaux, coordinatrice. <strong>Voici les 2 documents \u00e0 compl\u00e9ter:<\/strong><\/p>\n<p><a href=\"http:\/\/www.amaplaneteblanquefort.fr\/wordpress\/wp-content\/uploads\/2017\/11\/pleurotes-contrat-2017-2018.pdf\">pleurotes contrat 2017-2018 <\/a><\/p>\n<p><a href=\"http:\/\/www.amaplaneteblanquefort.fr\/wordpress\/wp-content\/uploads\/2017\/11\/Contrat-pleurotes-tableau.pdf\">Contrat pleurotes tableau<\/a><\/p>\n<p><strong>La 1\u00e8re livraison est pr\u00e9vue le 23 novembre. Un 2\u00e8me coordinateur est souhait\u00e9, merci de vous proposer !!<img loading=\"lazy\" decoding=\"async\" class=\"alignright size-medium wp-image-8081\" src=\"http:\/\/www.amaplaneteblanquefort.fr\/wordpress\/wp-content\/uploads\/2017\/11\/images2-300x168.jpg\" alt=\"\" width=\"300\" height=\"168\" \/><img loading=\"lazy\" decoding=\"async\" class=\"alignleft size-full wp-image-8080\" src=\"http:\/\/www.amaplaneteblanquefort.fr\/wordpress\/wp-content\/uploads\/2017\/11\/images.jpg\" alt=\"\" width=\"225\" height=\"225\" srcset=\"http:\/\/www.amaplaneteblanquefort.fr\/wordpress\/wp-content\/uploads\/2017\/11\/images.jpg 225w, http:\/\/www.amaplaneteblanquefort.fr\/wordpress\/wp-content\/uploads\/2017\/11\/images-150x150.jpg 150w\" sizes=\"auto, (max-width: 225px) 100vw, 225px\" \/><\/strong><\/p>\n","protected":false},"excerpt":{"rendered":"<p>Madame Roux, productrice du Domaine \u00e9cologique Les Charbonni\u00e8res \u00e0 Montcaret, commune limitrophe de la Gironde, nous propose un contrat pour des pleurotes ostreatus. Le pleurote \u00a0est un champignon d&rsquo;origine sauvage. Il est cultiv\u00e9 en agriculture biologique.\u00a0Il contient jusqu\u2019\u00e0 cinq fois plus de prot\u00e9ines que la plupart des l\u00e9gumes. Il procure une grande vari\u00e9t\u00e9 de vitamines &hellip; <a href=\"http:\/\/www.amaplaneteblanquefort.fr\/wordpress\/2017\/11\/08\/contrat-pleurotes\/\" class=\"more-link\">Continuer la lecture de <span class=\"screen-reader-text\">Contrat pleurotes<\/span> <span class=\"meta-nav\">&rarr;<\/span><\/a><\/p>\n","protected":false},"author":1,"featured_media":0,"comment_status":"open","ping_status":"open","sticky":false,"template":"","format":"standard","meta":{"footnotes":""},"categories":[35],"tags":[],"class_list":["post-8076","post","type-post","status-publish","format-standard","hentry","category-pleurotes"],"_links":{"self":[{"href":"http:\/\/www.amaplaneteblanquefort.fr\/wordpress\/wp-json\/wp\/v2\/posts\/8076","targetHints":{"allow":["GET"]}}],"collection":[{"href":"http:\/\/www.amaplaneteblanquefort.fr\/wordpress\/wp-json\/wp\/v2\/posts"}],"about":[{"href":"http:\/\/www.amaplaneteblanquefort.fr\/wordpress\/wp-json\/wp\/v2\/types\/post"}],"author":[{"embeddable":true,"href":"http:\/\/www.amaplaneteblanquefort.fr\/wordpress\/wp-json\/wp\/v2\/users\/1"}],"replies":[{"embeddable":true,"href":"http:\/\/www.amaplaneteblanquefort.fr\/wordpress\/wp-json\/wp\/v2\/comments?post=8076"}],"version-history":[{"count":1,"href":"http:\/\/www.amaplaneteblanquefort.fr\/wordpress\/wp-json\/wp\/v2\/posts\/8076\/revisions"}],"predecessor-version":[{"id":8082,"href":"http:\/\/www.amaplaneteblanquefort.fr\/wordpress\/wp-json\/wp\/v2\/posts\/8076\/revisions\/8082"}],"wp:attachment":[{"href":"http:\/\/www.amaplaneteblanquefort.fr\/wordpress\/wp-json\/wp\/v2\/media?parent=8076"}],"wp:term":[{"taxonomy":"category","embeddable":true,"href":"http:\/\/www.amaplaneteblanquefort.fr\/wordpress\/wp-json\/wp\/v2\/categories?post=8076"},{"taxonomy":"post_tag","embeddable":true,"href":"http:\/\/www.amaplaneteblanquefort.fr\/wordpress\/wp-json\/wp\/v2\/tags?post=8076"}],"curies":[{"name":"wp","href":"https:\/\/api.w.org\/{rel}","templated":true}]}}