{"id":7904,"date":"2017-09-10T15:23:57","date_gmt":"2017-09-10T13:23:57","guid":{"rendered":"http:\/\/www.amaplaneteblanquefort.fr\/wordpress\/?p=7904"},"modified":"2017-09-28T23:11:15","modified_gmt":"2017-09-28T21:11:15","slug":"colis-supp-de-raisin-pour-le-14-09-2017","status":"publish","type":"post","link":"http:\/\/www.amaplaneteblanquefort.fr\/wordpress\/2017\/09\/10\/colis-supp-de-raisin-pour-le-14-09-2017\/","title":{"rendered":"Colis supp de raisin pour le 14-09-2017"},"content":{"rendered":"<p>Bonjour \u00e0 toutes et \u00e0 tous,<\/p>\n<p>Pour la distribution du 14\/09\/2017 Mr Gabriel Nogues vous propose un supp de raisin blanc sans p\u00e9pin ou mix blanc et noir.<\/p>\n<p>Colis de 4 kgs pour 12 \u20ac<\/p>\n<p>Si vous \u00eates int\u00e9ress\u00e9s, veuillez remplir le contrat ci dessous et avertir les coordinateurs par e-mail en pr\u00e9cisant votre choix avant <strong>mercredi midi<\/strong>.<\/p>\n<div align=\"left\"><\/div>\n<div align=\"left\">Merci<\/div>\n<div align=\"left\"><\/div>\n<div align=\"left\"><a href=\"http:\/\/www.amaplaneteblanquefort.fr\/wordpress\/wp-content\/uploads\/2017\/09\/Colis-raisins-14-septembre-2017.pdf\">Colis raisins 14 septembre 2017<\/a><\/div>\n","protected":false},"excerpt":{"rendered":"<p>Bonjour \u00e0 toutes et \u00e0 tous, Pour la distribution du 14\/09\/2017 Mr Gabriel Nogues vous propose un supp de raisin blanc sans p\u00e9pin ou mix blanc et noir. Colis de 4 kgs pour 12 \u20ac Si vous \u00eates int\u00e9ress\u00e9s, veuillez remplir le contrat ci dessous et avertir les coordinateurs par e-mail en pr\u00e9cisant votre choix &hellip; <a href=\"http:\/\/www.amaplaneteblanquefort.fr\/wordpress\/2017\/09\/10\/colis-supp-de-raisin-pour-le-14-09-2017\/\" class=\"more-link\">Continuer la lecture de <span class=\"screen-reader-text\">Colis supp de raisin pour le 14-09-2017<\/span> <span class=\"meta-nav\">&rarr;<\/span><\/a><\/p>\n","protected":false},"author":13,"featured_media":0,"comment_status":"open","ping_status":"open","sticky":false,"template":"","format":"standard","meta":{"footnotes":""},"categories":[25],"tags":[],"class_list":["post-7904","post","type-post","status-publish","format-standard","hentry","category-13-fruits"],"_links":{"self":[{"href":"http:\/\/www.amaplaneteblanquefort.fr\/wordpress\/wp-json\/wp\/v2\/posts\/7904","targetHints":{"allow":["GET"]}}],"collection":[{"href":"http:\/\/www.amaplaneteblanquefort.fr\/wordpress\/wp-json\/wp\/v2\/posts"}],"about":[{"href":"http:\/\/www.amaplaneteblanquefort.fr\/wordpress\/wp-json\/wp\/v2\/types\/post"}],"author":[{"embeddable":true,"href":"http:\/\/www.amaplaneteblanquefort.fr\/wordpress\/wp-json\/wp\/v2\/users\/13"}],"replies":[{"embeddable":true,"href":"http:\/\/www.amaplaneteblanquefort.fr\/wordpress\/wp-json\/wp\/v2\/comments?post=7904"}],"version-history":[{"count":2,"href":"http:\/\/www.amaplaneteblanquefort.fr\/wordpress\/wp-json\/wp\/v2\/posts\/7904\/revisions"}],"predecessor-version":[{"id":7907,"href":"http:\/\/www.amaplaneteblanquefort.fr\/wordpress\/wp-json\/wp\/v2\/posts\/7904\/revisions\/7907"}],"wp:attachment":[{"href":"http:\/\/www.amaplaneteblanquefort.fr\/wordpress\/wp-json\/wp\/v2\/media?parent=7904"}],"wp:term":[{"taxonomy":"category","embeddable":true,"href":"http:\/\/www.amaplaneteblanquefort.fr\/wordpress\/wp-json\/wp\/v2\/categories?post=7904"},{"taxonomy":"post_tag","embeddable":true,"href":"http:\/\/www.amaplaneteblanquefort.fr\/wordpress\/wp-json\/wp\/v2\/tags?post=7904"}],"curies":[{"name":"wp","href":"https:\/\/api.w.org\/{rel}","templated":true}]}}