{"id":7850,"date":"2017-08-14T11:23:30","date_gmt":"2017-08-14T09:23:30","guid":{"rendered":"http:\/\/www.amaplaneteblanquefort.fr\/wordpress\/?p=7850"},"modified":"2017-09-28T23:12:02","modified_gmt":"2017-09-28T21:12:02","slug":"contrat-supp-peches-nectarines","status":"publish","type":"post","link":"http:\/\/www.amaplaneteblanquefort.fr\/wordpress\/2017\/08\/14\/contrat-supp-peches-nectarines\/","title":{"rendered":"Contrat supp p\u00eaches, nectarines"},"content":{"rendered":"<p>Mr Gabriel NOGUES vous propose des p\u00eaches \u00e0 confiture, des nectarines \u00e0 confiture\u00a0 et 1er choix pour le jeudi 17\/08\/2017<\/p>\n<p>Si vous \u00eates int\u00e9ress\u00e9s, veuillez remplir le contrat ci dessous et avertir les coordinateurs par e-mail avant <span style=\"text-decoration: underline\"><span style=\"color: #ff0000;text-decoration: underline\"><strong>mercredi midi<\/strong><\/span><\/span>.<\/p>\n<p>Merci<\/p>\n<p>&nbsp;<\/p>\n<p><a href=\"http:\/\/www.amaplaneteblanquefort.fr\/wordpress\/wp-content\/uploads\/2017\/08\/Contrat-supp-p\u00eaches-et-nectarines-du-17-ao\u00fbt-2017.pdf\">Contrat supp p\u00eaches et nectarines du 17 ao\u00fbt 2017<\/a><\/p>\n","protected":false},"excerpt":{"rendered":"<p>Mr Gabriel NOGUES vous propose des p\u00eaches \u00e0 confiture, des nectarines \u00e0 confiture\u00a0 et 1er choix pour le jeudi 17\/08\/2017 Si vous \u00eates int\u00e9ress\u00e9s, veuillez remplir le contrat ci dessous et avertir les coordinateurs par e-mail avant mercredi midi. Merci &nbsp; Contrat supp p\u00eaches et nectarines du 17 ao\u00fbt 2017<\/p>\n","protected":false},"author":13,"featured_media":0,"comment_status":"open","ping_status":"open","sticky":false,"template":"","format":"standard","meta":{"footnotes":""},"categories":[25],"tags":[],"class_list":["post-7850","post","type-post","status-publish","format-standard","hentry","category-13-fruits"],"_links":{"self":[{"href":"http:\/\/www.amaplaneteblanquefort.fr\/wordpress\/wp-json\/wp\/v2\/posts\/7850","targetHints":{"allow":["GET"]}}],"collection":[{"href":"http:\/\/www.amaplaneteblanquefort.fr\/wordpress\/wp-json\/wp\/v2\/posts"}],"about":[{"href":"http:\/\/www.amaplaneteblanquefort.fr\/wordpress\/wp-json\/wp\/v2\/types\/post"}],"author":[{"embeddable":true,"href":"http:\/\/www.amaplaneteblanquefort.fr\/wordpress\/wp-json\/wp\/v2\/users\/13"}],"replies":[{"embeddable":true,"href":"http:\/\/www.amaplaneteblanquefort.fr\/wordpress\/wp-json\/wp\/v2\/comments?post=7850"}],"version-history":[{"count":3,"href":"http:\/\/www.amaplaneteblanquefort.fr\/wordpress\/wp-json\/wp\/v2\/posts\/7850\/revisions"}],"predecessor-version":[{"id":7854,"href":"http:\/\/www.amaplaneteblanquefort.fr\/wordpress\/wp-json\/wp\/v2\/posts\/7850\/revisions\/7854"}],"wp:attachment":[{"href":"http:\/\/www.amaplaneteblanquefort.fr\/wordpress\/wp-json\/wp\/v2\/media?parent=7850"}],"wp:term":[{"taxonomy":"category","embeddable":true,"href":"http:\/\/www.amaplaneteblanquefort.fr\/wordpress\/wp-json\/wp\/v2\/categories?post=7850"},{"taxonomy":"post_tag","embeddable":true,"href":"http:\/\/www.amaplaneteblanquefort.fr\/wordpress\/wp-json\/wp\/v2\/tags?post=7850"}],"curies":[{"name":"wp","href":"https:\/\/api.w.org\/{rel}","templated":true}]}}