{"id":7781,"date":"2017-05-10T17:40:22","date_gmt":"2017-05-10T15:40:22","guid":{"rendered":"http:\/\/www.amaplaneteblanquefort.fr\/wordpress\/?p=7781"},"modified":"2017-05-10T17:40:22","modified_gmt":"2017-05-10T15:40:22","slug":"contrat-ponctuel-cerises-2017","status":"publish","type":"post","link":"http:\/\/www.amaplaneteblanquefort.fr\/wordpress\/2017\/05\/10\/contrat-ponctuel-cerises-2017\/","title":{"rendered":"Contrat ponctuel cerises 2017"},"content":{"rendered":"<p>Un petit mot de notre producteur de fruits Mr Alain BOTTECCHIA, concernant les cerises.<\/p>\n<p>Pour la cerise :<\/p>\n<p>Les conditions seront plus faciles que 2016 \u00e0 moins d\u2019un d\u00e9luge quand elles murissent.<\/p>\n<p>La r\u00e9colte de cerise est prometteuse. Croisons les doigts pour que la m\u00e9t\u00e9o soit de la partie et vous pourrez vous r\u00e9galer sans mod\u00e9ration.<\/p>\n<p>Donc je peux vous proposer un contrat cerise avec 2 livraisons\u00a0: les jeudis 8 et 22 juin<\/p>\n<p>Je pense conserver les prix 2016\u00a0: soit le kg au prix de 7 \u20ac et la livre \u00e0 4\u20ac\u00a0 (prix Supermarch\u00e9s 2016\u00a0: 9,5 voire 10\u20ac\/kg les premi\u00e8res et 6-6,5\u20ac\/kg en fin de saison)<\/p>\n<p>D\u00e9finir le prix de la cerise hors p\u00e9riode de production est difficile : cette ann\u00e9e, avec le gel, quelle sera le prix de d\u00e9but saison\u00a0?<\/p>\n<p>Je peux proposer aussi de partir sur une base pour le contrat comme ci-dessus et si les prix chutent, d&rsquo;ajuster avec de la quantit\u00e9 en plus.<\/p>\n<p>Pour de la cerise \u00e0 confiture se sera \u00e9galement possible et vous trouverez les infos dans le tableau des contrats annexes du contrat fruit (11\u20ac la poche de 2 kg).<\/p>\n<p>&nbsp;<\/p>\n<p><a href=\"http:\/\/www.amaplaneteblanquefort.fr\/wordpress\/wp-content\/uploads\/2017\/05\/contrat-ponctuel-cerises-des-8-et-22-juin-2017.pdf\">contrat ponctuel cerises des 8 et 22 juin 2017<\/a><\/p>\n<p>&nbsp;<\/p>\n<p>&nbsp;<\/p>\n","protected":false},"excerpt":{"rendered":"<p>Un petit mot de notre producteur de fruits Mr Alain BOTTECCHIA, concernant les cerises. Pour la cerise : Les conditions seront plus faciles que 2016 \u00e0 moins d\u2019un d\u00e9luge quand elles murissent. La r\u00e9colte de cerise est prometteuse. Croisons les doigts pour que la m\u00e9t\u00e9o soit de la partie et vous pourrez vous r\u00e9galer sans &hellip; <a href=\"http:\/\/www.amaplaneteblanquefort.fr\/wordpress\/2017\/05\/10\/contrat-ponctuel-cerises-2017\/\" class=\"more-link\">Continuer la lecture de <span class=\"screen-reader-text\">Contrat ponctuel cerises 2017<\/span> <span class=\"meta-nav\">&rarr;<\/span><\/a><\/p>\n","protected":false},"author":13,"featured_media":0,"comment_status":"open","ping_status":"open","sticky":false,"template":"","format":"standard","meta":{"footnotes":""},"categories":[25,1],"tags":[],"class_list":["post-7781","post","type-post","status-publish","format-standard","hentry","category-13-fruits","category-non-classe"],"_links":{"self":[{"href":"http:\/\/www.amaplaneteblanquefort.fr\/wordpress\/wp-json\/wp\/v2\/posts\/7781","targetHints":{"allow":["GET"]}}],"collection":[{"href":"http:\/\/www.amaplaneteblanquefort.fr\/wordpress\/wp-json\/wp\/v2\/posts"}],"about":[{"href":"http:\/\/www.amaplaneteblanquefort.fr\/wordpress\/wp-json\/wp\/v2\/types\/post"}],"author":[{"embeddable":true,"href":"http:\/\/www.amaplaneteblanquefort.fr\/wordpress\/wp-json\/wp\/v2\/users\/13"}],"replies":[{"embeddable":true,"href":"http:\/\/www.amaplaneteblanquefort.fr\/wordpress\/wp-json\/wp\/v2\/comments?post=7781"}],"version-history":[{"count":2,"href":"http:\/\/www.amaplaneteblanquefort.fr\/wordpress\/wp-json\/wp\/v2\/posts\/7781\/revisions"}],"predecessor-version":[{"id":7783,"href":"http:\/\/www.amaplaneteblanquefort.fr\/wordpress\/wp-json\/wp\/v2\/posts\/7781\/revisions\/7783"}],"wp:attachment":[{"href":"http:\/\/www.amaplaneteblanquefort.fr\/wordpress\/wp-json\/wp\/v2\/media?parent=7781"}],"wp:term":[{"taxonomy":"category","embeddable":true,"href":"http:\/\/www.amaplaneteblanquefort.fr\/wordpress\/wp-json\/wp\/v2\/categories?post=7781"},{"taxonomy":"post_tag","embeddable":true,"href":"http:\/\/www.amaplaneteblanquefort.fr\/wordpress\/wp-json\/wp\/v2\/tags?post=7781"}],"curies":[{"name":"wp","href":"https:\/\/api.w.org\/{rel}","templated":true}]}}