{"id":7775,"date":"2017-05-10T17:30:00","date_gmt":"2017-05-10T15:30:00","guid":{"rendered":"http:\/\/www.amaplaneteblanquefort.fr\/wordpress\/?p=7775"},"modified":"2017-05-10T17:30:00","modified_gmt":"2017-05-10T15:30:00","slug":"fruits-dete-saison-2017","status":"publish","type":"post","link":"http:\/\/www.amaplaneteblanquefort.fr\/wordpress\/2017\/05\/10\/fruits-dete-saison-2017\/","title":{"rendered":"Fruits d&rsquo;\u00e9t\u00e9 saison 2017"},"content":{"rendered":"<p>Bonjour \u00e0 toutes et \u00e0 tous,<\/p>\n<p>Un petit mot de nos producteurs ( Mr BOTTECCHIA et Mr NOGUES ).<\/p>\n<p>Bonjour,<\/p>\n<p align=\"JUSTIFY\">Les matins g\u00e9lifs des 21, 22, 27 et 28 avril ont fait quelques d\u00e9g\u00e2ts sur nos vignes et vergers. Les vari\u00e9t\u00e9s d\u2019abricots pour le mois de juillet et de raisin noir Ribol pour la fin de contrat sur octobre sont an\u00e9anties. Par cons\u00e9quent notre proposition de contrat fruit 2017 doit en tenir compte*.<\/p>\n<p align=\"JUSTIFY\">*Suite au gel de printemps, le panier ne pourra pas \u00eatre constitu\u00e9 de 2 fruits au minimum. Les abricots manqueront pour au moins une livraison sur juillet. Le panier de fruits s\u2019arr\u00eatera fin septembre car les vari\u00e9t\u00e9s de raisin r\u00e9colt\u00e9es en octobre ont \u00e9t\u00e9 d\u00e9truites \u00e9galement.<\/p>\n<p>Nous sommes vraiment d\u00e9sol\u00e9s mais nous esp\u00e9rons pouvoir compter sur votre compr\u00e9hension.<\/p>\n<p><a href=\"http:\/\/www.amaplaneteblanquefort.fr\/wordpress\/wp-content\/uploads\/2017\/05\/CNTFruits2017.pdf\">CNTFruits2017<\/a><\/p>\n<p>&nbsp;<\/p>\n","protected":false},"excerpt":{"rendered":"<p>Bonjour \u00e0 toutes et \u00e0 tous, Un petit mot de nos producteurs ( Mr BOTTECCHIA et Mr NOGUES ). Bonjour, Les matins g\u00e9lifs des 21, 22, 27 et 28 avril ont fait quelques d\u00e9g\u00e2ts sur nos vignes et vergers. Les vari\u00e9t\u00e9s d\u2019abricots pour le mois de juillet et de raisin noir Ribol pour la fin &hellip; <a href=\"http:\/\/www.amaplaneteblanquefort.fr\/wordpress\/2017\/05\/10\/fruits-dete-saison-2017\/\" class=\"more-link\">Continuer la lecture de <span class=\"screen-reader-text\">Fruits d&rsquo;\u00e9t\u00e9 saison 2017<\/span> <span class=\"meta-nav\">&rarr;<\/span><\/a><\/p>\n","protected":false},"author":13,"featured_media":0,"comment_status":"open","ping_status":"open","sticky":false,"template":"","format":"standard","meta":{"footnotes":""},"categories":[25],"tags":[],"class_list":["post-7775","post","type-post","status-publish","format-standard","hentry","category-13-fruits"],"_links":{"self":[{"href":"http:\/\/www.amaplaneteblanquefort.fr\/wordpress\/wp-json\/wp\/v2\/posts\/7775","targetHints":{"allow":["GET"]}}],"collection":[{"href":"http:\/\/www.amaplaneteblanquefort.fr\/wordpress\/wp-json\/wp\/v2\/posts"}],"about":[{"href":"http:\/\/www.amaplaneteblanquefort.fr\/wordpress\/wp-json\/wp\/v2\/types\/post"}],"author":[{"embeddable":true,"href":"http:\/\/www.amaplaneteblanquefort.fr\/wordpress\/wp-json\/wp\/v2\/users\/13"}],"replies":[{"embeddable":true,"href":"http:\/\/www.amaplaneteblanquefort.fr\/wordpress\/wp-json\/wp\/v2\/comments?post=7775"}],"version-history":[{"count":3,"href":"http:\/\/www.amaplaneteblanquefort.fr\/wordpress\/wp-json\/wp\/v2\/posts\/7775\/revisions"}],"predecessor-version":[{"id":7780,"href":"http:\/\/www.amaplaneteblanquefort.fr\/wordpress\/wp-json\/wp\/v2\/posts\/7775\/revisions\/7780"}],"wp:attachment":[{"href":"http:\/\/www.amaplaneteblanquefort.fr\/wordpress\/wp-json\/wp\/v2\/media?parent=7775"}],"wp:term":[{"taxonomy":"category","embeddable":true,"href":"http:\/\/www.amaplaneteblanquefort.fr\/wordpress\/wp-json\/wp\/v2\/categories?post=7775"},{"taxonomy":"post_tag","embeddable":true,"href":"http:\/\/www.amaplaneteblanquefort.fr\/wordpress\/wp-json\/wp\/v2\/tags?post=7775"}],"curies":[{"name":"wp","href":"https:\/\/api.w.org\/{rel}","templated":true}]}}