{"id":7645,"date":"2017-02-04T13:01:41","date_gmt":"2017-02-04T12:01:41","guid":{"rendered":"http:\/\/www.amaplaneteblanquefort.fr\/wordpress\/?p=7645"},"modified":"2017-02-04T14:07:49","modified_gmt":"2017-02-04T13:07:49","slug":"le-nouveau-contrat-porc-bio-est-arrive","status":"publish","type":"post","link":"http:\/\/www.amaplaneteblanquefort.fr\/wordpress\/2017\/02\/04\/le-nouveau-contrat-porc-bio-est-arrive\/","title":{"rendered":"Le nouveau contrat porc bio est arriv\u00e9"},"content":{"rendered":"<p>Le nouveau contrat pour du porc bio de de Sauviac en Gironde pr\u00e9voit un engagement pour 2, 3 ou 4 livraisons (9 mars, 8 juin, 14 septembre, 7 d\u00e9cembre).<\/p>\n<p>Pour finaliser les contrats il nous faudra un total minimum de 150 kg de viande en colis, pour chacune des livraisons. Alors mangeons du cochon.<\/p>\n<p>Vous pourrez passer commande jeudi 9 et 16 f\u00e9vrier aux heures habituelles.<\/p>\n<p>Merci d\u2019apporter votre contrat imprim\u00e9 \u00e0 partir du lien ci-dessous.<\/p>\n<p><a href=\"http:\/\/www.amaplaneteblanquefort.fr\/wordpress\/wp-content\/uploads\/2017\/02\/ContratPorc2017-1.pdf\">ContratPorc2017<\/a><\/p>\n<p>Les coordinateurs, Isabelle Droy et Laurent Serrus<\/p>\n","protected":false},"excerpt":{"rendered":"<p>Le nouveau contrat pour du porc bio de de Sauviac en Gironde pr\u00e9voit un engagement pour 2, 3 ou 4 livraisons (9 mars, 8 juin, 14 septembre, 7 d\u00e9cembre). Pour finaliser les contrats il nous faudra un total minimum de 150 kg de viande en colis, pour chacune des livraisons. Alors mangeons du cochon. Vous &hellip; <a href=\"http:\/\/www.amaplaneteblanquefort.fr\/wordpress\/2017\/02\/04\/le-nouveau-contrat-porc-bio-est-arrive\/\" class=\"more-link\">Continuer la lecture de <span class=\"screen-reader-text\">Le nouveau contrat porc bio est arriv\u00e9<\/span> <span class=\"meta-nav\">&rarr;<\/span><\/a><\/p>\n","protected":false},"author":451,"featured_media":0,"comment_status":"open","ping_status":"open","sticky":false,"template":"","format":"standard","meta":{"footnotes":""},"categories":[34],"tags":[],"class_list":["post-7645","post","type-post","status-publish","format-standard","hentry","category-16-porc-bio"],"_links":{"self":[{"href":"http:\/\/www.amaplaneteblanquefort.fr\/wordpress\/wp-json\/wp\/v2\/posts\/7645","targetHints":{"allow":["GET"]}}],"collection":[{"href":"http:\/\/www.amaplaneteblanquefort.fr\/wordpress\/wp-json\/wp\/v2\/posts"}],"about":[{"href":"http:\/\/www.amaplaneteblanquefort.fr\/wordpress\/wp-json\/wp\/v2\/types\/post"}],"author":[{"embeddable":true,"href":"http:\/\/www.amaplaneteblanquefort.fr\/wordpress\/wp-json\/wp\/v2\/users\/451"}],"replies":[{"embeddable":true,"href":"http:\/\/www.amaplaneteblanquefort.fr\/wordpress\/wp-json\/wp\/v2\/comments?post=7645"}],"version-history":[{"count":4,"href":"http:\/\/www.amaplaneteblanquefort.fr\/wordpress\/wp-json\/wp\/v2\/posts\/7645\/revisions"}],"predecessor-version":[{"id":7653,"href":"http:\/\/www.amaplaneteblanquefort.fr\/wordpress\/wp-json\/wp\/v2\/posts\/7645\/revisions\/7653"}],"wp:attachment":[{"href":"http:\/\/www.amaplaneteblanquefort.fr\/wordpress\/wp-json\/wp\/v2\/media?parent=7645"}],"wp:term":[{"taxonomy":"category","embeddable":true,"href":"http:\/\/www.amaplaneteblanquefort.fr\/wordpress\/wp-json\/wp\/v2\/categories?post=7645"},{"taxonomy":"post_tag","embeddable":true,"href":"http:\/\/www.amaplaneteblanquefort.fr\/wordpress\/wp-json\/wp\/v2\/tags?post=7645"}],"curies":[{"name":"wp","href":"https:\/\/api.w.org\/{rel}","templated":true}]}}