{"id":7637,"date":"2017-02-01T20:40:10","date_gmt":"2017-02-01T19:40:10","guid":{"rendered":"http:\/\/www.amaplaneteblanquefort.fr\/wordpress\/?p=7637"},"modified":"2017-02-01T20:41:29","modified_gmt":"2017-02-01T19:41:29","slug":"nouveau-contrat-fromage-de-chevre-2","status":"publish","type":"post","link":"http:\/\/www.amaplaneteblanquefort.fr\/wordpress\/2017\/02\/01\/nouveau-contrat-fromage-de-chevre-2\/","title":{"rendered":"NOUVEAU CONTRAT FROMAGE DE CHEVRE"},"content":{"rendered":"<p>Nous vous proposons le nouveau contrat \u00ab\u00a0fromage de ch\u00e8vre\u00a0\u00bb de la ferme Manieu No\u00ebl, productrice Marl\u00e8ne Serrano. Il couvre la p\u00e9riode du <strong>9 mars au 14 d\u00e9cembre 2017<\/strong>.<\/p>\n<p><a href=\"http:\/\/www.amaplaneteblanquefort.fr\/wordpress\/wp-content\/uploads\/2017\/02\/Sans-titre.png\"><img loading=\"lazy\" decoding=\"async\" class=\"alignnone size-medium wp-image-7640\" src=\"http:\/\/www.amaplaneteblanquefort.fr\/wordpress\/wp-content\/uploads\/2017\/02\/Sans-titre-300x200.png\" alt=\"\" width=\"300\" height=\"200\" srcset=\"http:\/\/www.amaplaneteblanquefort.fr\/wordpress\/wp-content\/uploads\/2017\/02\/Sans-titre-300x200.png 300w, http:\/\/www.amaplaneteblanquefort.fr\/wordpress\/wp-content\/uploads\/2017\/02\/Sans-titre.png 471w\" sizes=\"auto, (max-width: 300px) 100vw, 300px\" \/><\/a><\/p>\n<p>Les fromages de Marl\u00e8ne<\/p>\n<p>Cette ann\u00e9e encore, en plus des produits unitaires: lait (de mars \u00e0 juillet), fromages, des plateaux 5 ou 7 fromages vous sont propos\u00e9s.<br \/>\nEt en fin d\u2019ann\u00e9e, une commande suppl\u00e9mentaire \u00ab\u00a0sp\u00e9ciale No\u00ebl\u00a0\u00bb, vous permettra de commander ces plateaux en fonction de vos projets.<\/p>\n<p>Les prises de contrat auront lieu les <strong>2, 9 et 16 f\u00e9vrier<\/strong>. Pensez \u00e0 apporter vos contrats imprim\u00e9s (<strong>attention: 2 pages<\/strong>)<br \/>\nVos coordinatrices: Colette Galland, Sylvie C\u00e9sard, Ghislaine Doucet<\/p>\n<p>Contrat \u00e0 t\u00e9l\u00e9charger\u00a0 <a href=\"http:\/\/www.amaplaneteblanquefort.fr\/wordpress\/wp-content\/uploads\/2017\/02\/contrat-2017-AMAP-BLANQUEFORT-sign\u00e9-1.docx\">contrat 2017 AMAP BLANQUEFORT sign\u00e9<\/a>Page 1 et page 2<a href=\"http:\/\/www.amaplaneteblanquefort.fr\/wordpress\/wp-content\/uploads\/2017\/02\/D\u00e9tail-commandes-2017-2.xlsx\">D\u00e9tail commandes 2017-2<\/a><\/p>\n<p><a href=\"http:\/\/www.amaplaneteblanquefort.fr\/wordpress\/wp-content\/uploads\/2016\/02\/IMG_6573.jpg\"><img loading=\"lazy\" decoding=\"async\" class=\"alignnone size-medium wp-image-6671\" src=\"http:\/\/www.amaplaneteblanquefort.fr\/wordpress\/wp-content\/uploads\/2016\/02\/IMG_6573-300x200.jpg\" alt=\"\" width=\"300\" height=\"200\" srcset=\"http:\/\/www.amaplaneteblanquefort.fr\/wordpress\/wp-content\/uploads\/2016\/02\/IMG_6573-300x200.jpg 300w, http:\/\/www.amaplaneteblanquefort.fr\/wordpress\/wp-content\/uploads\/2016\/02\/IMG_6573-1024x683.jpg 1024w, http:\/\/www.amaplaneteblanquefort.fr\/wordpress\/wp-content\/uploads\/2016\/02\/IMG_6573.jpg 1200w\" sizes=\"auto, (max-width: 300px) 100vw, 300px\" \/><\/a><\/p>\n<p>&nbsp;<\/p>\n","protected":false},"excerpt":{"rendered":"<p>Nous vous proposons le nouveau contrat \u00ab\u00a0fromage de ch\u00e8vre\u00a0\u00bb de la ferme Manieu No\u00ebl, productrice Marl\u00e8ne Serrano. Il couvre la p\u00e9riode du 9 mars au 14 d\u00e9cembre 2017. Les fromages de Marl\u00e8ne Cette ann\u00e9e encore, en plus des produits unitaires: lait (de mars \u00e0 juillet), fromages, des plateaux 5 ou 7 fromages vous sont propos\u00e9s. &hellip; <a href=\"http:\/\/www.amaplaneteblanquefort.fr\/wordpress\/2017\/02\/01\/nouveau-contrat-fromage-de-chevre-2\/\" class=\"more-link\">Continuer la lecture de <span class=\"screen-reader-text\">NOUVEAU CONTRAT FROMAGE DE CHEVRE<\/span> <span class=\"meta-nav\">&rarr;<\/span><\/a><\/p>\n","protected":false},"author":7,"featured_media":0,"comment_status":"open","ping_status":"open","sticky":false,"template":"","format":"standard","meta":{"footnotes":""},"categories":[23,1],"tags":[],"class_list":["post-7637","post","type-post","status-publish","format-standard","hentry","category-11-fromages-de-chevre","category-non-classe"],"_links":{"self":[{"href":"http:\/\/www.amaplaneteblanquefort.fr\/wordpress\/wp-json\/wp\/v2\/posts\/7637","targetHints":{"allow":["GET"]}}],"collection":[{"href":"http:\/\/www.amaplaneteblanquefort.fr\/wordpress\/wp-json\/wp\/v2\/posts"}],"about":[{"href":"http:\/\/www.amaplaneteblanquefort.fr\/wordpress\/wp-json\/wp\/v2\/types\/post"}],"author":[{"embeddable":true,"href":"http:\/\/www.amaplaneteblanquefort.fr\/wordpress\/wp-json\/wp\/v2\/users\/7"}],"replies":[{"embeddable":true,"href":"http:\/\/www.amaplaneteblanquefort.fr\/wordpress\/wp-json\/wp\/v2\/comments?post=7637"}],"version-history":[{"count":1,"href":"http:\/\/www.amaplaneteblanquefort.fr\/wordpress\/wp-json\/wp\/v2\/posts\/7637\/revisions"}],"predecessor-version":[{"id":7642,"href":"http:\/\/www.amaplaneteblanquefort.fr\/wordpress\/wp-json\/wp\/v2\/posts\/7637\/revisions\/7642"}],"wp:attachment":[{"href":"http:\/\/www.amaplaneteblanquefort.fr\/wordpress\/wp-json\/wp\/v2\/media?parent=7637"}],"wp:term":[{"taxonomy":"category","embeddable":true,"href":"http:\/\/www.amaplaneteblanquefort.fr\/wordpress\/wp-json\/wp\/v2\/categories?post=7637"},{"taxonomy":"post_tag","embeddable":true,"href":"http:\/\/www.amaplaneteblanquefort.fr\/wordpress\/wp-json\/wp\/v2\/tags?post=7637"}],"curies":[{"name":"wp","href":"https:\/\/api.w.org\/{rel}","templated":true}]}}