{"id":7613,"date":"2017-01-31T12:18:05","date_gmt":"2017-01-31T11:18:05","guid":{"rendered":"http:\/\/www.amaplaneteblanquefort.fr\/wordpress\/?p=7613"},"modified":"2017-01-31T12:29:26","modified_gmt":"2017-01-31T11:29:26","slug":"nouveau-contrat-miel-3","status":"publish","type":"post","link":"http:\/\/www.amaplaneteblanquefort.fr\/wordpress\/2017\/01\/31\/nouveau-contrat-miel-3\/","title":{"rendered":"Nouveau contrat miel"},"content":{"rendered":"<p><img loading=\"lazy\" decoding=\"async\" class=\"alignleft size-full wp-image-4393\" src=\"http:\/\/www.amaplaneteblanquefort.fr\/wordpress\/wp-content\/uploads\/2015\/03\/images.jpg\" alt=\"\" width=\"276\" height=\"183\" \/><strong>Vous pourrez prendre le nouveau contrat miel les jeudis 2 f\u00e9vrier, 9 f\u00e9vrier et 16 f\u00e9vrier. Premi\u00e8re livraison le jeudi 9 mars.<br \/>\n<\/strong><\/p>\n<p>Monsieur Simian nous explique pourquoi ne sont propos\u00e9s que 3 miels et la propolis.<\/p>\n<p><em>\u00ab\u00a0La saison n&rsquo;a pas \u00e9t\u00e9 bonne, au printemps la m\u00e9t\u00e9o \u00a0n&rsquo;a pas \u00e9t\u00e9 de la partie jusqu&rsquo;\u00e0 fin mai donc les r\u00e9coltes d&rsquo;acacia ont \u00e9t\u00e9 compromise avec\u00a0 80 % de moins par rapport \u00e0 l&rsquo;an pass\u00e9. Le temps humide et les gel\u00e9es fin avril sur 3 nuits ont br\u00fbl\u00e9 les bourgeons puis la pluie a dur\u00e9 en mai. Le peu de nectar que les abeilles ont r\u00e9colt\u00e9, elles l&rsquo;ont consomm\u00e9 au fur et \u00e0 mesure sinon c&rsquo;\u00e9tait la famine pour elle.\u00a0\u00bb<\/em><\/p>\n<p><strong>le document \u00e0 nous ramener compl\u00e9t\u00e9, accompagn\u00e9 de votre r\u00e8glement<\/strong>:<\/p>\n<p><a href=\"http:\/\/www.amaplaneteblanquefort.fr\/wordpress\/wp-content\/uploads\/2017\/01\/Miel-contrat-mars-\u00e0-juin-2017.pdf\">Miel contrat mars \u00e0 juin 2017<\/a><\/p>\n<p>vos coordinatrices, Sabine et Jo\u00eblle<\/p>\n<p>&nbsp;<\/p>\n","protected":false},"excerpt":{"rendered":"<p>Vous pourrez prendre le nouveau contrat miel les jeudis 2 f\u00e9vrier, 9 f\u00e9vrier et 16 f\u00e9vrier. Premi\u00e8re livraison le jeudi 9 mars. Monsieur Simian nous explique pourquoi ne sont propos\u00e9s que 3 miels et la propolis. \u00ab\u00a0La saison n&rsquo;a pas \u00e9t\u00e9 bonne, au printemps la m\u00e9t\u00e9o \u00a0n&rsquo;a pas \u00e9t\u00e9 de la partie jusqu&rsquo;\u00e0 fin mai &hellip; <a href=\"http:\/\/www.amaplaneteblanquefort.fr\/wordpress\/2017\/01\/31\/nouveau-contrat-miel-3\/\" class=\"more-link\">Continuer la lecture de <span class=\"screen-reader-text\">Nouveau contrat miel<\/span> <span class=\"meta-nav\">&rarr;<\/span><\/a><\/p>\n","protected":false},"author":1,"featured_media":0,"comment_status":"open","ping_status":"open","sticky":false,"template":"","format":"standard","meta":{"footnotes":""},"categories":[24],"tags":[],"class_list":["post-7613","post","type-post","status-publish","format-standard","hentry","category-12-miel"],"_links":{"self":[{"href":"http:\/\/www.amaplaneteblanquefort.fr\/wordpress\/wp-json\/wp\/v2\/posts\/7613","targetHints":{"allow":["GET"]}}],"collection":[{"href":"http:\/\/www.amaplaneteblanquefort.fr\/wordpress\/wp-json\/wp\/v2\/posts"}],"about":[{"href":"http:\/\/www.amaplaneteblanquefort.fr\/wordpress\/wp-json\/wp\/v2\/types\/post"}],"author":[{"embeddable":true,"href":"http:\/\/www.amaplaneteblanquefort.fr\/wordpress\/wp-json\/wp\/v2\/users\/1"}],"replies":[{"embeddable":true,"href":"http:\/\/www.amaplaneteblanquefort.fr\/wordpress\/wp-json\/wp\/v2\/comments?post=7613"}],"version-history":[{"count":2,"href":"http:\/\/www.amaplaneteblanquefort.fr\/wordpress\/wp-json\/wp\/v2\/posts\/7613\/revisions"}],"predecessor-version":[{"id":7617,"href":"http:\/\/www.amaplaneteblanquefort.fr\/wordpress\/wp-json\/wp\/v2\/posts\/7613\/revisions\/7617"}],"wp:attachment":[{"href":"http:\/\/www.amaplaneteblanquefort.fr\/wordpress\/wp-json\/wp\/v2\/media?parent=7613"}],"wp:term":[{"taxonomy":"category","embeddable":true,"href":"http:\/\/www.amaplaneteblanquefort.fr\/wordpress\/wp-json\/wp\/v2\/categories?post=7613"},{"taxonomy":"post_tag","embeddable":true,"href":"http:\/\/www.amaplaneteblanquefort.fr\/wordpress\/wp-json\/wp\/v2\/tags?post=7613"}],"curies":[{"name":"wp","href":"https:\/\/api.w.org\/{rel}","templated":true}]}}