{"id":7590,"date":"2017-01-31T12:15:24","date_gmt":"2017-01-31T11:15:24","guid":{"rendered":"http:\/\/www.amaplaneteblanquefort.fr\/wordpress\/?p=7590"},"modified":"2017-01-31T12:21:52","modified_gmt":"2017-01-31T11:21:52","slug":"adhesion-2017","status":"publish","type":"post","link":"http:\/\/www.amaplaneteblanquefort.fr\/wordpress\/2017\/01\/31\/adhesion-2017\/","title":{"rendered":"Adh\u00e9sion 2017"},"content":{"rendered":"<style>\nv:* {behavior:url (#default#vml);}<br \/><\/style>\n<p><!--IncrdiXMLRemarkStart>\n<IncrdiX-Info>\n<X-FID>FLAVOR00-NONE-0000-0000-000000000000<\/X-FID>\n<X-FVER>0,000000<\/X-FVER>\n<X-CNT>;<\/X-CNT>\n<\/IncrdiX-Info>\n<IncrdiXMLRemarkEnd--><\/p>\n<table id=\"INCREDIMAINTABLE\" border=\"0\" width=\"100%\" cellspacing=\"0\" cellpadding=\"2\">\n<tbody>\n<tr>\n<td id=\"INCREDITEXTREGION\" style=\"font-size: 12pt; position: relative; direction: ltr;\" width=\"100%\">\n<div id=\"INCREDI_TEXT_AREA\">\n<div><\/div>\n<div>Vous pouvez renouveler votre adh\u00e9sion \u00e0 l&rsquo;amap chaque jeudi du mois de f\u00e9vrier 2017, lors des livraisons..<\/div>\n<div>Merci d&rsquo;imprimer votre bulletin ainsi que le contrat d&rsquo;engagement que vous aurez lu et accept\u00e9. \u00a0 \u00a0\u00a0 <a href=\"http:\/\/www.amaplaneteblanquefort.fr\/wordpress\/wp-content\/uploads\/2017\/01\/adh\u00e9sion-2017.pdf\">adh\u00e9sion 2017<\/a><\/div>\n<div>Vous pouvez prendre connaissance des statuts de l&rsquo;association.\u00a0 <img loading=\"lazy\" decoding=\"async\" class=\"alignleft size-full wp-image-6580\" src=\"http:\/\/www.amaplaneteblanquefort.fr\/wordpress\/wp-content\/uploads\/2016\/01\/important.jpg\" alt=\"\" width=\"226\" height=\"223\" \/><\/div>\n<div>\u00a0\u00a0\u00a0\u00a0\u00a0\u00a0\u00a0\u00a0\u00a0\u00a0\u00a0\u00a0\u00a0\u00a0\u00a0\u00a0\u00a0\u00a0\u00a0\u00a0\u00a0\u00a0\u00a0\u00a0 <a href=\"http:\/\/www.amaplaneteblanquefort.fr\/wordpress\/wp-content\/uploads\/2012\/05\/Statuts-AMAPlan\u00e8te.pdf\">Statuts AMAPlan\u00e8te<\/a><\/div>\n<div>Nous vous remercions pour votre participation pass\u00e9e et \u00e0 venir au sein de l&rsquo;amap.<\/div>\n<div>Bien cordialement<\/div>\n<div>La coordination g\u00e9n\u00e9rale<\/div>\n<\/div>\n<\/td>\n<\/tr>\n<\/tbody>\n<\/table>\n<p>&nbsp;<\/p>\n","protected":false},"excerpt":{"rendered":"<p>Vous pouvez renouveler votre adh\u00e9sion \u00e0 l&rsquo;amap chaque jeudi du mois de f\u00e9vrier 2017, lors des livraisons.. Merci d&rsquo;imprimer votre bulletin ainsi que le contrat d&rsquo;engagement que vous aurez lu et accept\u00e9. \u00a0 \u00a0\u00a0 adh\u00e9sion 2017 Vous pouvez prendre connaissance des statuts de l&rsquo;association.\u00a0 \u00a0\u00a0\u00a0\u00a0\u00a0\u00a0\u00a0\u00a0\u00a0\u00a0\u00a0\u00a0\u00a0\u00a0\u00a0\u00a0\u00a0\u00a0\u00a0\u00a0\u00a0\u00a0\u00a0\u00a0 Statuts AMAPlan\u00e8te Nous vous remercions pour votre participation pass\u00e9e et &hellip; <a href=\"http:\/\/www.amaplaneteblanquefort.fr\/wordpress\/2017\/01\/31\/adhesion-2017\/\" class=\"more-link\">Continuer la lecture de <span class=\"screen-reader-text\">Adh\u00e9sion 2017<\/span> <span class=\"meta-nav\">&rarr;<\/span><\/a><\/p>\n","protected":false},"author":1,"featured_media":0,"comment_status":"open","ping_status":"open","sticky":false,"template":"","format":"standard","meta":{"footnotes":""},"categories":[33],"tags":[],"class_list":["post-7590","post","type-post","status-publish","format-standard","hentry","category-b-la-conduite-de-lassociation"],"_links":{"self":[{"href":"http:\/\/www.amaplaneteblanquefort.fr\/wordpress\/wp-json\/wp\/v2\/posts\/7590","targetHints":{"allow":["GET"]}}],"collection":[{"href":"http:\/\/www.amaplaneteblanquefort.fr\/wordpress\/wp-json\/wp\/v2\/posts"}],"about":[{"href":"http:\/\/www.amaplaneteblanquefort.fr\/wordpress\/wp-json\/wp\/v2\/types\/post"}],"author":[{"embeddable":true,"href":"http:\/\/www.amaplaneteblanquefort.fr\/wordpress\/wp-json\/wp\/v2\/users\/1"}],"replies":[{"embeddable":true,"href":"http:\/\/www.amaplaneteblanquefort.fr\/wordpress\/wp-json\/wp\/v2\/comments?post=7590"}],"version-history":[{"count":6,"href":"http:\/\/www.amaplaneteblanquefort.fr\/wordpress\/wp-json\/wp\/v2\/posts\/7590\/revisions"}],"predecessor-version":[{"id":7616,"href":"http:\/\/www.amaplaneteblanquefort.fr\/wordpress\/wp-json\/wp\/v2\/posts\/7590\/revisions\/7616"}],"wp:attachment":[{"href":"http:\/\/www.amaplaneteblanquefort.fr\/wordpress\/wp-json\/wp\/v2\/media?parent=7590"}],"wp:term":[{"taxonomy":"category","embeddable":true,"href":"http:\/\/www.amaplaneteblanquefort.fr\/wordpress\/wp-json\/wp\/v2\/categories?post=7590"},{"taxonomy":"post_tag","embeddable":true,"href":"http:\/\/www.amaplaneteblanquefort.fr\/wordpress\/wp-json\/wp\/v2\/tags?post=7590"}],"curies":[{"name":"wp","href":"https:\/\/api.w.org\/{rel}","templated":true}]}}