{"id":7535,"date":"2017-01-17T19:15:55","date_gmt":"2017-01-17T18:15:55","guid":{"rendered":"http:\/\/www.amaplaneteblanquefort.fr\/wordpress\/?p=7535"},"modified":"2017-01-17T19:16:12","modified_gmt":"2017-01-17T18:16:12","slug":"assemblee-generale-d-amaplanete-blanquefort","status":"publish","type":"post","link":"http:\/\/www.amaplaneteblanquefort.fr\/wordpress\/2017\/01\/17\/assemblee-generale-d-amaplanete-blanquefort\/","title":{"rendered":"Assembl\u00e9e g\u00e9n\u00e9rale d&rsquo; Amaplan\u00e8te-Blanquefort"},"content":{"rendered":"<div><strong>Les membres du bureau, du conseil coll\u00e9gial, les coordinateurs, vous convient\u00a0 \u00e0 l&rsquo; assembl\u00e9e g\u00e9n\u00e9rale de l&rsquo;association,\u00a0 vendredi 20 janvier.<\/strong><\/div>\n<div><strong> Nous vous accueillerons d\u00e8s 18 h 30, \u00e0 la MSP (maison des services publics) de Caychac, pr\u00e8s de l&rsquo; \u00e9glise.<\/strong><\/div>\n<div><strong>La r\u00e9union sera suivie du verre de l&rsquo; amiti\u00e9.<\/strong><\/div>\n<div><a href=\"http:\/\/www.amaplaneteblanquefort.fr\/wordpress\/wp-content\/uploads\/2017\/01\/AG-2017.convocation.pdf\" rel=\"\">AG 2017.convocation<\/a><\/div>\n<div>\u00a0<a href=\"http:\/\/www.amaplaneteblanquefort.fr\/wordpress\/wp-content\/uploads\/2017\/01\/Procuration.pdf\" rel=\"\">Procuration<\/a><\/div>\n<div>Nous\u00a0 comptons sur vous,<\/div>\n<div>bien cordialement<\/div>\n<div><\/div>\n<div>La coordination g\u00e9n\u00e9rale d&rsquo;Amaplan\u00e8te-Blanquefort<\/div>\n","protected":false},"excerpt":{"rendered":"<p>Les membres du bureau, du conseil coll\u00e9gial, les coordinateurs, vous convient\u00a0 \u00e0 l&rsquo; assembl\u00e9e g\u00e9n\u00e9rale de l&rsquo;association,\u00a0 vendredi 20 janvier. Nous vous accueillerons d\u00e8s 18 h 30, \u00e0 la MSP (maison des services publics) de Caychac, pr\u00e8s de l&rsquo; \u00e9glise. La r\u00e9union sera suivie du verre de l&rsquo; amiti\u00e9. AG 2017.convocation \u00a0Procuration Nous\u00a0 comptons sur &hellip; <a href=\"http:\/\/www.amaplaneteblanquefort.fr\/wordpress\/2017\/01\/17\/assemblee-generale-d-amaplanete-blanquefort\/\" class=\"more-link\">Continuer la lecture de <span class=\"screen-reader-text\">Assembl\u00e9e g\u00e9n\u00e9rale d&rsquo; Amaplan\u00e8te-Blanquefort<\/span> <span class=\"meta-nav\">&rarr;<\/span><\/a><\/p>\n","protected":false},"author":1,"featured_media":0,"comment_status":"open","ping_status":"open","sticky":false,"template":"","format":"standard","meta":{"footnotes":""},"categories":[33],"tags":[],"class_list":["post-7535","post","type-post","status-publish","format-standard","hentry","category-b-la-conduite-de-lassociation"],"_links":{"self":[{"href":"http:\/\/www.amaplaneteblanquefort.fr\/wordpress\/wp-json\/wp\/v2\/posts\/7535","targetHints":{"allow":["GET"]}}],"collection":[{"href":"http:\/\/www.amaplaneteblanquefort.fr\/wordpress\/wp-json\/wp\/v2\/posts"}],"about":[{"href":"http:\/\/www.amaplaneteblanquefort.fr\/wordpress\/wp-json\/wp\/v2\/types\/post"}],"author":[{"embeddable":true,"href":"http:\/\/www.amaplaneteblanquefort.fr\/wordpress\/wp-json\/wp\/v2\/users\/1"}],"replies":[{"embeddable":true,"href":"http:\/\/www.amaplaneteblanquefort.fr\/wordpress\/wp-json\/wp\/v2\/comments?post=7535"}],"version-history":[{"count":2,"href":"http:\/\/www.amaplaneteblanquefort.fr\/wordpress\/wp-json\/wp\/v2\/posts\/7535\/revisions"}],"predecessor-version":[{"id":7539,"href":"http:\/\/www.amaplaneteblanquefort.fr\/wordpress\/wp-json\/wp\/v2\/posts\/7535\/revisions\/7539"}],"wp:attachment":[{"href":"http:\/\/www.amaplaneteblanquefort.fr\/wordpress\/wp-json\/wp\/v2\/media?parent=7535"}],"wp:term":[{"taxonomy":"category","embeddable":true,"href":"http:\/\/www.amaplaneteblanquefort.fr\/wordpress\/wp-json\/wp\/v2\/categories?post=7535"},{"taxonomy":"post_tag","embeddable":true,"href":"http:\/\/www.amaplaneteblanquefort.fr\/wordpress\/wp-json\/wp\/v2\/tags?post=7535"}],"curies":[{"name":"wp","href":"https:\/\/api.w.org\/{rel}","templated":true}]}}