{"id":7520,"date":"2017-01-31T11:59:20","date_gmt":"2017-01-31T10:59:20","guid":{"rendered":"http:\/\/www.amaplaneteblanquefort.fr\/wordpress\/?p=7520"},"modified":"2017-01-31T12:05:06","modified_gmt":"2017-01-31T11:05:06","slug":"le-nouveau-bureau-de-lassociation","status":"publish","type":"post","link":"http:\/\/www.amaplaneteblanquefort.fr\/wordpress\/2017\/01\/31\/le-nouveau-bureau-de-lassociation\/","title":{"rendered":"Le nouveau bureau de l&rsquo;association&#8230;."},"content":{"rendered":"<p><strong>Notre Assembl\u00e9e G\u00e9n\u00e9rale annuelle s\u2019est tenue le 20 janvier 2017<br \/>\n<\/strong><\/p>\n<p>En cliquant sur le lien suivant, vous trouverez le proc\u00e8s-verbal de cette r\u00e9union:<\/p>\n<p><span style=\"color: #ff0000;\"><a href=\"http:\/\/www.amaplaneteblanquefort.fr\/wordpress\/wp-content\/uploads\/2017\/01\/CR-AG-2017.pdf\">CR AG 2017<\/a><br \/>\n<\/span><\/p>\n<p>A l\u2019issue de cette assembl\u00e9e, le nouveau conseil coll\u00e9gial s\u2019est r\u00e9uni et a \u00e9lu en son sein le bureau.<\/p>\n<p>Le lien\u00a0 pour prendre connaissance des membres du bureau :<\/p>\n<p><a href=\"http:\/\/www.amaplaneteblanquefort.fr\/wordpress\/wp-content\/uploads\/2017\/01\/Election-bureau-par-CC-2017.pdf\">Election bureau par CC 2017<\/a><\/p>\n<p><strong>N\u2019oubliez pas de prendre votre adh\u00e9sion 2017\u00a0 avant le jeudi 23 f\u00e9vrier.<\/strong><\/p>\n<p><span style=\"color: #ff0000;\"><a href=\"http:\/\/www.amaplaneteblanquefort.fr\/wordpress\/wp-content\/uploads\/2017\/01\/adh\u00e9sion-2017.pdf\">adh\u00e9sion 2017<\/a><\/span><\/p>\n<p>Nous vous remercions pour votre pr\u00e9sence lors de cette assembl\u00e9e, de votre participation \u00e0 la bonne marche de l\u2019 Amap. Merci \u00e0 tous les amapiens , une bonne quarantaine, qui s\u2019investissent dans la coordination des nombreux produits qu\u2019 AMAPlan\u00e8te-Blanquefort propose. Prenez maintenant le temps de lire le proc\u00e8s verbal joint.<\/p>\n<p><strong>\u00a0<\/strong><\/p>\n<p>La Coordination G\u00e9n\u00e9rale<\/p>\n","protected":false},"excerpt":{"rendered":"<p>Notre Assembl\u00e9e G\u00e9n\u00e9rale annuelle s\u2019est tenue le 20 janvier 2017 En cliquant sur le lien suivant, vous trouverez le proc\u00e8s-verbal de cette r\u00e9union: CR AG 2017 A l\u2019issue de cette assembl\u00e9e, le nouveau conseil coll\u00e9gial s\u2019est r\u00e9uni et a \u00e9lu en son sein le bureau. Le lien\u00a0 pour prendre connaissance des membres du bureau : &hellip; <a href=\"http:\/\/www.amaplaneteblanquefort.fr\/wordpress\/2017\/01\/31\/le-nouveau-bureau-de-lassociation\/\" class=\"more-link\">Continuer la lecture de <span class=\"screen-reader-text\">Le nouveau bureau de l&rsquo;association&#8230;.<\/span> <span class=\"meta-nav\">&rarr;<\/span><\/a><\/p>\n","protected":false},"author":1,"featured_media":0,"comment_status":"open","ping_status":"open","sticky":false,"template":"","format":"standard","meta":{"footnotes":""},"categories":[33],"tags":[],"class_list":["post-7520","post","type-post","status-publish","format-standard","hentry","category-b-la-conduite-de-lassociation"],"_links":{"self":[{"href":"http:\/\/www.amaplaneteblanquefort.fr\/wordpress\/wp-json\/wp\/v2\/posts\/7520","targetHints":{"allow":["GET"]}}],"collection":[{"href":"http:\/\/www.amaplaneteblanquefort.fr\/wordpress\/wp-json\/wp\/v2\/posts"}],"about":[{"href":"http:\/\/www.amaplaneteblanquefort.fr\/wordpress\/wp-json\/wp\/v2\/types\/post"}],"author":[{"embeddable":true,"href":"http:\/\/www.amaplaneteblanquefort.fr\/wordpress\/wp-json\/wp\/v2\/users\/1"}],"replies":[{"embeddable":true,"href":"http:\/\/www.amaplaneteblanquefort.fr\/wordpress\/wp-json\/wp\/v2\/comments?post=7520"}],"version-history":[{"count":4,"href":"http:\/\/www.amaplaneteblanquefort.fr\/wordpress\/wp-json\/wp\/v2\/posts\/7520\/revisions"}],"predecessor-version":[{"id":7612,"href":"http:\/\/www.amaplaneteblanquefort.fr\/wordpress\/wp-json\/wp\/v2\/posts\/7520\/revisions\/7612"}],"wp:attachment":[{"href":"http:\/\/www.amaplaneteblanquefort.fr\/wordpress\/wp-json\/wp\/v2\/media?parent=7520"}],"wp:term":[{"taxonomy":"category","embeddable":true,"href":"http:\/\/www.amaplaneteblanquefort.fr\/wordpress\/wp-json\/wp\/v2\/categories?post=7520"},{"taxonomy":"post_tag","embeddable":true,"href":"http:\/\/www.amaplaneteblanquefort.fr\/wordpress\/wp-json\/wp\/v2\/tags?post=7520"}],"curies":[{"name":"wp","href":"https:\/\/api.w.org\/{rel}","templated":true}]}}