{"id":7376,"date":"2016-11-30T21:30:18","date_gmt":"2016-11-30T20:30:18","guid":{"rendered":"http:\/\/www.amaplaneteblanquefort.fr\/wordpress\/?p=7376"},"modified":"2016-11-30T23:53:10","modified_gmt":"2016-11-30T22:53:10","slug":"contrat-plantes-aromatiques-et-coffrets-pour-les-fetes","status":"publish","type":"post","link":"http:\/\/www.amaplaneteblanquefort.fr\/wordpress\/2016\/11\/30\/contrat-plantes-aromatiques-et-coffrets-pour-les-fetes\/","title":{"rendered":"Contrat plantes aromatiques et coffrets pour les f\u00eates"},"content":{"rendered":"<p>F\u00eates de fin d&rsquo;ann\u00e9e&#8230;.<\/p>\n<p><span style=\"font-size: small; font-family: comic sans ms,sans-serif;\">\u00a0<\/span><\/p>\n<p>Beno\u00eet DIMA, notre cultivateur de saveurs, vous propose des coffrets cadeaux pour les f\u00eates de fin d&rsquo;ann\u00e9e en compl\u00e9ment des herbes et tisanes.<img loading=\"lazy\" decoding=\"async\" class=\"alignleft size-medium wp-image-7289\" src=\"http:\/\/www.amaplaneteblanquefort.fr\/wordpress\/wp-content\/uploads\/2016\/09\/10904616_538623362942439_7080929588263035082_o-300x140.jpg\" alt=\"10904616_538623362942439_7080929588263035082_o\" width=\"300\" height=\"140\" srcset=\"http:\/\/www.amaplaneteblanquefort.fr\/wordpress\/wp-content\/uploads\/2016\/09\/10904616_538623362942439_7080929588263035082_o-300x140.jpg 300w, http:\/\/www.amaplaneteblanquefort.fr\/wordpress\/wp-content\/uploads\/2016\/09\/10904616_538623362942439_7080929588263035082_o-768x359.jpg 768w, http:\/\/www.amaplaneteblanquefort.fr\/wordpress\/wp-content\/uploads\/2016\/09\/10904616_538623362942439_7080929588263035082_o-1024x478.jpg 1024w\" sizes=\"auto, (max-width: 300px) 100vw, 300px\" \/><\/p>\n<p>Pour ceux qui n&rsquo;avaient pas d\u00e9j\u00e0 command\u00e9 en octobre vous pourrez d\u00e9poser votre contrat et le r\u00e8glement les jeudis <strong>24 novembre<\/strong> et <strong>1er d\u00e9cembre<\/strong> pour une livraison le 15 d\u00e9cembre.<\/p>\n<p><a href=\"http:\/\/www.amaplaneteblanquefort.fr\/wordpress\/wp-content\/uploads\/2016\/11\/Coffret-cadeau.pdf\" rel=\"\">coffret-cadeau<\/a>\u00a0\u00a0\u00a0\u00a0 <a href=\"http:\/\/www.amaplaneteblanquefort.fr\/wordpress\/wp-content\/uploads\/2016\/11\/plantes_dec2016.xlsx\" rel=\"\">plantes_dec2016<\/a>\u00a0 <a href=\"http:\/\/www.amaplaneteblanquefort.fr\/wordpress\/wp-content\/uploads\/2016\/11\/bdc_plantes_dec2016.docx\" rel=\"\">bdc_plantes_dec2016<\/a><\/p>\n<p><span style=\"color: #008000;\">Vos coordinatrices, Solange et Dany<\/span><\/p>\n","protected":false},"excerpt":{"rendered":"<p>F\u00eates de fin d&rsquo;ann\u00e9e&#8230;. \u00a0 Beno\u00eet DIMA, notre cultivateur de saveurs, vous propose des coffrets cadeaux pour les f\u00eates de fin d&rsquo;ann\u00e9e en compl\u00e9ment des herbes et tisanes. Pour ceux qui n&rsquo;avaient pas d\u00e9j\u00e0 command\u00e9 en octobre vous pourrez d\u00e9poser votre contrat et le r\u00e8glement les jeudis 24 novembre et 1er d\u00e9cembre pour une livraison &hellip; <a href=\"http:\/\/www.amaplaneteblanquefort.fr\/wordpress\/2016\/11\/30\/contrat-plantes-aromatiques-et-coffrets-pour-les-fetes\/\" class=\"more-link\">Continuer la lecture de <span class=\"screen-reader-text\">Contrat plantes aromatiques et coffrets pour les f\u00eates<\/span> <span class=\"meta-nav\">&rarr;<\/span><\/a><\/p>\n","protected":false},"author":1,"featured_media":0,"comment_status":"open","ping_status":"open","sticky":false,"template":"","format":"standard","meta":{"footnotes":""},"categories":[26],"tags":[],"class_list":["post-7376","post","type-post","status-publish","format-standard","hentry","category-14-plantes-aromatiques"],"_links":{"self":[{"href":"http:\/\/www.amaplaneteblanquefort.fr\/wordpress\/wp-json\/wp\/v2\/posts\/7376","targetHints":{"allow":["GET"]}}],"collection":[{"href":"http:\/\/www.amaplaneteblanquefort.fr\/wordpress\/wp-json\/wp\/v2\/posts"}],"about":[{"href":"http:\/\/www.amaplaneteblanquefort.fr\/wordpress\/wp-json\/wp\/v2\/types\/post"}],"author":[{"embeddable":true,"href":"http:\/\/www.amaplaneteblanquefort.fr\/wordpress\/wp-json\/wp\/v2\/users\/1"}],"replies":[{"embeddable":true,"href":"http:\/\/www.amaplaneteblanquefort.fr\/wordpress\/wp-json\/wp\/v2\/comments?post=7376"}],"version-history":[{"count":2,"href":"http:\/\/www.amaplaneteblanquefort.fr\/wordpress\/wp-json\/wp\/v2\/posts\/7376\/revisions"}],"predecessor-version":[{"id":7381,"href":"http:\/\/www.amaplaneteblanquefort.fr\/wordpress\/wp-json\/wp\/v2\/posts\/7376\/revisions\/7381"}],"wp:attachment":[{"href":"http:\/\/www.amaplaneteblanquefort.fr\/wordpress\/wp-json\/wp\/v2\/media?parent=7376"}],"wp:term":[{"taxonomy":"category","embeddable":true,"href":"http:\/\/www.amaplaneteblanquefort.fr\/wordpress\/wp-json\/wp\/v2\/categories?post=7376"},{"taxonomy":"post_tag","embeddable":true,"href":"http:\/\/www.amaplaneteblanquefort.fr\/wordpress\/wp-json\/wp\/v2\/tags?post=7376"}],"curies":[{"name":"wp","href":"https:\/\/api.w.org\/{rel}","templated":true}]}}