{"id":7369,"date":"2016-11-21T10:31:27","date_gmt":"2016-11-21T09:31:27","guid":{"rendered":"http:\/\/www.amaplaneteblanquefort.fr\/wordpress\/?p=7369"},"modified":"2017-01-04T18:15:55","modified_gmt":"2017-01-04T17:15:55","slug":"noel-chez-les-bergers","status":"publish","type":"post","link":"http:\/\/www.amaplaneteblanquefort.fr\/wordpress\/2016\/11\/21\/noel-chez-les-bergers\/","title":{"rendered":"Noel chez les bergers"},"content":{"rendered":"<p><span style=\"color: black;font-family: 'Calibri','sans-serif'\">Pour se mettre dans l&rsquo;ambiance de No\u00ebl, venez passer une agr\u00e9able et originale journ\u00e9e chez Dominique et Pascal Sancier, les bergers de\u00a0l&rsquo;AMAP. le dimanche 4 \u00a0d\u00e9cembre<\/span><\/p>\n<p><span style=\"color: black;font-family: 'Calibri','sans-serif'\">D\u00e9couvrir la bergerie, animations, restauration, musique et\u00a0danse traditionnelle voici le programme, dans un d\u00e9cor f\u00e9erique et chaleureux. r\u00e9alis\u00e9 avec la laine de moutons.<\/span><\/p>\n<p><span style=\"color: black;font-family: 'Calibri','sans-serif'\">Et notre Berg\u00e8re vous r\u00e9serve certainement, comme \u00e0 son habitude, d&rsquo;incroyables surprises inspir\u00e9es de son voyage chez Le P\u00e8re No\u00ebl!<\/span><\/p>\n<p>Pour en savoir plus http<a href=\"http:\/\/www.lafermedupaillot.com\/agenda\/\">:\/\/www.lafermedupaillot.com\/agenda\/<\/a><\/p>\n<p>&nbsp;<\/p>\n<p><a href=\"http:\/\/www.amaplaneteblanquefort.fr\/wordpress\/wp-content\/uploads\/2016\/11\/no\u00eal2016-2.jpg\" rel=\"attachment wp-att-7368\"><img loading=\"lazy\" decoding=\"async\" class=\"alignleft size-large wp-image-7368\" src=\"http:\/\/www.amaplaneteblanquefort.fr\/wordpress\/wp-content\/uploads\/2016\/11\/no\u00eal2016-2-642x1024.jpg\" alt=\"noel2016-2\" width=\"580\" height=\"925\" srcset=\"http:\/\/www.amaplaneteblanquefort.fr\/wordpress\/wp-content\/uploads\/2016\/11\/no\u00eal2016-2-642x1024.jpg 642w, http:\/\/www.amaplaneteblanquefort.fr\/wordpress\/wp-content\/uploads\/2016\/11\/no\u00eal2016-2-188x300.jpg 188w, http:\/\/www.amaplaneteblanquefort.fr\/wordpress\/wp-content\/uploads\/2016\/11\/no\u00eal2016-2-768x1225.jpg 768w\" sizes=\"auto, (max-width: 580px) 100vw, 580px\" \/><\/a><\/p>\n","protected":false},"excerpt":{"rendered":"<p>Pour se mettre dans l&rsquo;ambiance de No\u00ebl, venez passer une agr\u00e9able et originale journ\u00e9e chez Dominique et Pascal Sancier, les bergers de\u00a0l&rsquo;AMAP. le dimanche 4 \u00a0d\u00e9cembre D\u00e9couvrir la bergerie, animations, restauration, musique et\u00a0danse traditionnelle voici le programme, dans un d\u00e9cor f\u00e9erique et chaleureux. r\u00e9alis\u00e9 avec la laine de moutons. Et notre Berg\u00e8re vous r\u00e9serve certainement, &hellip; <a href=\"http:\/\/www.amaplaneteblanquefort.fr\/wordpress\/2016\/11\/21\/noel-chez-les-bergers\/\" class=\"more-link\">Continuer la lecture de <span class=\"screen-reader-text\">Noel chez les bergers<\/span> <span class=\"meta-nav\">&rarr;<\/span><\/a><\/p>\n","protected":false},"author":17,"featured_media":0,"comment_status":"open","ping_status":"open","sticky":false,"template":"","format":"standard","meta":{"footnotes":""},"categories":[8],"tags":[],"class_list":["post-7369","post","type-post","status-publish","format-standard","hentry","category-04-agneau"],"_links":{"self":[{"href":"http:\/\/www.amaplaneteblanquefort.fr\/wordpress\/wp-json\/wp\/v2\/posts\/7369","targetHints":{"allow":["GET"]}}],"collection":[{"href":"http:\/\/www.amaplaneteblanquefort.fr\/wordpress\/wp-json\/wp\/v2\/posts"}],"about":[{"href":"http:\/\/www.amaplaneteblanquefort.fr\/wordpress\/wp-json\/wp\/v2\/types\/post"}],"author":[{"embeddable":true,"href":"http:\/\/www.amaplaneteblanquefort.fr\/wordpress\/wp-json\/wp\/v2\/users\/17"}],"replies":[{"embeddable":true,"href":"http:\/\/www.amaplaneteblanquefort.fr\/wordpress\/wp-json\/wp\/v2\/comments?post=7369"}],"version-history":[{"count":5,"href":"http:\/\/www.amaplaneteblanquefort.fr\/wordpress\/wp-json\/wp\/v2\/posts\/7369\/revisions"}],"predecessor-version":[{"id":7406,"href":"http:\/\/www.amaplaneteblanquefort.fr\/wordpress\/wp-json\/wp\/v2\/posts\/7369\/revisions\/7406"}],"wp:attachment":[{"href":"http:\/\/www.amaplaneteblanquefort.fr\/wordpress\/wp-json\/wp\/v2\/media?parent=7369"}],"wp:term":[{"taxonomy":"category","embeddable":true,"href":"http:\/\/www.amaplaneteblanquefort.fr\/wordpress\/wp-json\/wp\/v2\/categories?post=7369"},{"taxonomy":"post_tag","embeddable":true,"href":"http:\/\/www.amaplaneteblanquefort.fr\/wordpress\/wp-json\/wp\/v2\/tags?post=7369"}],"curies":[{"name":"wp","href":"https:\/\/api.w.org\/{rel}","templated":true}]}}