{"id":7286,"date":"2016-09-30T23:32:35","date_gmt":"2016-09-30T21:32:35","guid":{"rendered":"http:\/\/www.amaplaneteblanquefort.fr\/wordpress\/?p=7286"},"modified":"2016-10-01T10:07:02","modified_gmt":"2016-10-01T08:07:02","slug":"nouveau-contrat-plantes-aromatiques","status":"publish","type":"post","link":"http:\/\/www.amaplaneteblanquefort.fr\/wordpress\/2016\/09\/30\/nouveau-contrat-plantes-aromatiques\/","title":{"rendered":"Nouveau contrat plantes aromatiques"},"content":{"rendered":"<div>\u00a0<strong>\u00a0\u00a0<span style=\"color: #333399;\">\u00a0\u00a0\u00a0\u00a0\u00a0\u00a0<span style=\"color: #003300;\">\u00a0 \u00ab\u00a0\u00a0Vous attendiez les excellentes plantes aromatiques et tisanes bio de Beno\u00eet\u00a0\u00a0Dima en pr\u00e9vision des frimas,<\/span><\/span><\/strong><\/div>\n<div>\n<p><strong><span style=\"color: #003300;\">\u00a0\u00a0\u00a0\u00a0\u00a0\u00a0\u00a0\u00a0\u00a0\u00a0\u00a0\u00a0 voici le contrat automne 2016 qui vous permettra \u00e9galement de pr\u00e9parer les f\u00eates de fin d\u2019ann\u00e9e avec les coffrets cadeaux \u00e0 commander pour la livraison de d\u00e9cembre \u00bb<\/span><\/strong><\/p>\n<div><img loading=\"lazy\" decoding=\"async\" class=\"alignleft size-medium wp-image-7289\" src=\"http:\/\/www.amaplaneteblanquefort.fr\/wordpress\/wp-content\/uploads\/2016\/09\/10904616_538623362942439_7080929588263035082_o-300x140.jpg\" alt=\"10904616_538623362942439_7080929588263035082_o\" width=\"300\" height=\"140\" srcset=\"http:\/\/www.amaplaneteblanquefort.fr\/wordpress\/wp-content\/uploads\/2016\/09\/10904616_538623362942439_7080929588263035082_o-300x140.jpg 300w, http:\/\/www.amaplaneteblanquefort.fr\/wordpress\/wp-content\/uploads\/2016\/09\/10904616_538623362942439_7080929588263035082_o-768x359.jpg 768w, http:\/\/www.amaplaneteblanquefort.fr\/wordpress\/wp-content\/uploads\/2016\/09\/10904616_538623362942439_7080929588263035082_o-1024x478.jpg 1024w\" sizes=\"auto, (max-width: 300px) 100vw, 300px\" \/><\/div>\n<\/div>\n<div>le contrat: <a href=\"http:\/\/www.amaplaneteblanquefort.fr\/wordpress\/wp-content\/uploads\/2016\/09\/bdc_plantes_fin2016.pdf\" rel=\"\">bdc_plantes_fin2016 <\/a><\/div>\n<div>le tableau : <a href=\"http:\/\/www.amaplaneteblanquefort.fr\/wordpress\/wp-content\/uploads\/2016\/09\/plantes_fin2016.pdf\" rel=\"\">plantes_fin2016\u00a0<\/a><\/div>\n<div>les coffrets cadeaux : <a href=\"http:\/\/www.amaplaneteblanquefort.fr\/wordpress\/wp-content\/uploads\/2016\/09\/Coffret-cadeau.pdf\" rel=\"\">coffret-cadeau<\/a><\/div>\n<div><\/div>\n<div><strong>Une seule prise de contrat, <\/strong><\/div>\n<div><strong>jeudi 6 octobre , livraison\u00a0 la semaine suivante, le 13 octobre.<\/strong><\/div>\n<div><\/div>\n<div><\/div>\n<div>Vos coordinatrices, Solange et Dany.<\/div>\n","protected":false},"excerpt":{"rendered":"<p>\u00a0\u00a0\u00a0\u00a0\u00a0\u00a0\u00a0\u00a0\u00a0\u00a0 \u00ab\u00a0\u00a0Vous attendiez les excellentes plantes aromatiques et tisanes bio de Beno\u00eet\u00a0\u00a0Dima en pr\u00e9vision des frimas, \u00a0\u00a0\u00a0\u00a0\u00a0\u00a0\u00a0\u00a0\u00a0\u00a0\u00a0\u00a0 voici le contrat automne 2016 qui vous permettra \u00e9galement de pr\u00e9parer les f\u00eates de fin d\u2019ann\u00e9e avec les coffrets cadeaux \u00e0 commander pour la livraison de d\u00e9cembre \u00bb le contrat: bdc_plantes_fin2016 le tableau : plantes_fin2016\u00a0 les coffrets cadeaux &hellip; <a href=\"http:\/\/www.amaplaneteblanquefort.fr\/wordpress\/2016\/09\/30\/nouveau-contrat-plantes-aromatiques\/\" class=\"more-link\">Continuer la lecture de <span class=\"screen-reader-text\">Nouveau contrat plantes aromatiques<\/span> <span class=\"meta-nav\">&rarr;<\/span><\/a><\/p>\n","protected":false},"author":1,"featured_media":0,"comment_status":"open","ping_status":"open","sticky":false,"template":"","format":"standard","meta":{"footnotes":""},"categories":[26],"tags":[],"class_list":["post-7286","post","type-post","status-publish","format-standard","hentry","category-14-plantes-aromatiques"],"_links":{"self":[{"href":"http:\/\/www.amaplaneteblanquefort.fr\/wordpress\/wp-json\/wp\/v2\/posts\/7286","targetHints":{"allow":["GET"]}}],"collection":[{"href":"http:\/\/www.amaplaneteblanquefort.fr\/wordpress\/wp-json\/wp\/v2\/posts"}],"about":[{"href":"http:\/\/www.amaplaneteblanquefort.fr\/wordpress\/wp-json\/wp\/v2\/types\/post"}],"author":[{"embeddable":true,"href":"http:\/\/www.amaplaneteblanquefort.fr\/wordpress\/wp-json\/wp\/v2\/users\/1"}],"replies":[{"embeddable":true,"href":"http:\/\/www.amaplaneteblanquefort.fr\/wordpress\/wp-json\/wp\/v2\/comments?post=7286"}],"version-history":[{"count":6,"href":"http:\/\/www.amaplaneteblanquefort.fr\/wordpress\/wp-json\/wp\/v2\/posts\/7286\/revisions"}],"predecessor-version":[{"id":7297,"href":"http:\/\/www.amaplaneteblanquefort.fr\/wordpress\/wp-json\/wp\/v2\/posts\/7286\/revisions\/7297"}],"wp:attachment":[{"href":"http:\/\/www.amaplaneteblanquefort.fr\/wordpress\/wp-json\/wp\/v2\/media?parent=7286"}],"wp:term":[{"taxonomy":"category","embeddable":true,"href":"http:\/\/www.amaplaneteblanquefort.fr\/wordpress\/wp-json\/wp\/v2\/categories?post=7286"},{"taxonomy":"post_tag","embeddable":true,"href":"http:\/\/www.amaplaneteblanquefort.fr\/wordpress\/wp-json\/wp\/v2\/tags?post=7286"}],"curies":[{"name":"wp","href":"https:\/\/api.w.org\/{rel}","templated":true}]}}