{"id":7095,"date":"2016-08-27T10:15:16","date_gmt":"2016-08-27T08:15:16","guid":{"rendered":"http:\/\/www.amaplaneteblanquefort.fr\/wordpress\/?p=7095"},"modified":"2016-08-31T10:54:07","modified_gmt":"2016-08-31T08:54:07","slug":"prunes-a-confiture-du-01-et-15092016","status":"publish","type":"post","link":"http:\/\/www.amaplaneteblanquefort.fr\/wordpress\/2016\/08\/27\/prunes-a-confiture-du-01-et-15092016\/","title":{"rendered":"Prunes \u00e0 confiture du 01 et 15\/09\/2016"},"content":{"rendered":"<p>Pour les distributions du 01\/09\/2016 et 15\/09\/2016, Mr BOTTECCHIA est en mesure de livrer la prune pour confiture.<\/p>\n<p>Livraison en cagettes de 5 kg pour 10 \u20ac<\/p>\n<div align=\"left\">Si vous \u00eates int\u00e9ress\u00e9s, veuillez remplir le contrat ci dessous et avertir les coordinateurs par e-mail avant <strong>mardi midi<\/strong>.<\/div>\n<div align=\"left\"><\/div>\n<div align=\"left\">Merci<\/div>\n<div align=\"left\"><\/div>\n<div align=\"left\">L&rsquo;\u00e9quipe des coordinateurs fruits d&rsquo;\u00e9t\u00e9<\/div>\n<p><a href=\"http:\/\/www.amaplaneteblanquefort.fr\/wordpress\/wp-content\/uploads\/2016\/08\/contrat-supp-prunes-\u00e0-confiture-2016.pdf\" rel=\"\">contrat supp prunes \u00e0 confiture 2016<\/a><\/p>\n","protected":false},"excerpt":{"rendered":"<p>Pour les distributions du 01\/09\/2016 et 15\/09\/2016, Mr BOTTECCHIA est en mesure de livrer la prune pour confiture. Livraison en cagettes de 5 kg pour 10 \u20ac Si vous \u00eates int\u00e9ress\u00e9s, veuillez remplir le contrat ci dessous et avertir les coordinateurs par e-mail avant mardi midi. Merci L&rsquo;\u00e9quipe des coordinateurs fruits d&rsquo;\u00e9t\u00e9 contrat supp prunes &hellip; <a href=\"http:\/\/www.amaplaneteblanquefort.fr\/wordpress\/2016\/08\/27\/prunes-a-confiture-du-01-et-15092016\/\" class=\"more-link\">Continuer la lecture de <span class=\"screen-reader-text\">Prunes \u00e0 confiture du 01 et 15\/09\/2016<\/span> <span class=\"meta-nav\">&rarr;<\/span><\/a><\/p>\n","protected":false},"author":13,"featured_media":0,"comment_status":"open","ping_status":"open","sticky":false,"template":"","format":"standard","meta":{"footnotes":""},"categories":[25],"tags":[],"class_list":["post-7095","post","type-post","status-publish","format-standard","hentry","category-13-fruits"],"_links":{"self":[{"href":"http:\/\/www.amaplaneteblanquefort.fr\/wordpress\/wp-json\/wp\/v2\/posts\/7095","targetHints":{"allow":["GET"]}}],"collection":[{"href":"http:\/\/www.amaplaneteblanquefort.fr\/wordpress\/wp-json\/wp\/v2\/posts"}],"about":[{"href":"http:\/\/www.amaplaneteblanquefort.fr\/wordpress\/wp-json\/wp\/v2\/types\/post"}],"author":[{"embeddable":true,"href":"http:\/\/www.amaplaneteblanquefort.fr\/wordpress\/wp-json\/wp\/v2\/users\/13"}],"replies":[{"embeddable":true,"href":"http:\/\/www.amaplaneteblanquefort.fr\/wordpress\/wp-json\/wp\/v2\/comments?post=7095"}],"version-history":[{"count":3,"href":"http:\/\/www.amaplaneteblanquefort.fr\/wordpress\/wp-json\/wp\/v2\/posts\/7095\/revisions"}],"predecessor-version":[{"id":7099,"href":"http:\/\/www.amaplaneteblanquefort.fr\/wordpress\/wp-json\/wp\/v2\/posts\/7095\/revisions\/7099"}],"wp:attachment":[{"href":"http:\/\/www.amaplaneteblanquefort.fr\/wordpress\/wp-json\/wp\/v2\/media?parent=7095"}],"wp:term":[{"taxonomy":"category","embeddable":true,"href":"http:\/\/www.amaplaneteblanquefort.fr\/wordpress\/wp-json\/wp\/v2\/categories?post=7095"},{"taxonomy":"post_tag","embeddable":true,"href":"http:\/\/www.amaplaneteblanquefort.fr\/wordpress\/wp-json\/wp\/v2\/tags?post=7095"}],"curies":[{"name":"wp","href":"https:\/\/api.w.org\/{rel}","templated":true}]}}