{"id":7084,"date":"2016-09-10T14:00:01","date_gmt":"2016-09-10T12:00:01","guid":{"rendered":"http:\/\/www.amaplaneteblanquefort.fr\/wordpress\/?p=7084"},"modified":"2016-09-11T12:14:05","modified_gmt":"2016-09-11T10:14:05","slug":"nouveau-contrat-poisson","status":"publish","type":"post","link":"http:\/\/www.amaplaneteblanquefort.fr\/wordpress\/2016\/09\/10\/nouveau-contrat-poisson\/","title":{"rendered":"Nouveau contrat poisson&#8230;"},"content":{"rendered":"<p><strong>Vous pouvez encore souscrire le contrat poisson pour la p\u00e9riode de octobre 2016 \u00e0 juillet 2017, contactez vos coordinateurs.<img loading=\"lazy\" decoding=\"async\" class=\"alignleft size-medium wp-image-7086\" src=\"http:\/\/www.amaplaneteblanquefort.fr\/wordpress\/wp-content\/uploads\/2016\/08\/20160731_0946162-e1471954757892-169x300.jpg\" alt=\"20160731_0946162\" width=\"169\" height=\"300\" srcset=\"http:\/\/www.amaplaneteblanquefort.fr\/wordpress\/wp-content\/uploads\/2016\/08\/20160731_0946162-e1471954757892-169x300.jpg 169w, http:\/\/www.amaplaneteblanquefort.fr\/wordpress\/wp-content\/uploads\/2016\/08\/20160731_0946162-e1471954757892-768x1365.jpg 768w, http:\/\/www.amaplaneteblanquefort.fr\/wordpress\/wp-content\/uploads\/2016\/08\/20160731_0946162-e1471954757892-576x1024.jpg 576w, http:\/\/www.amaplaneteblanquefort.fr\/wordpress\/wp-content\/uploads\/2016\/08\/20160731_0946162-e1471954757892.jpg 1836w\" sizes=\"auto, (max-width: 169px) 100vw, 169px\" \/> La prochaine\u00a0 livraison est pr\u00e9vue le 6 octobre.<\/strong><\/p>\n<p><a href=\"http:\/\/www.amaplaneteblanquefort.fr\/wordpress\/wp-content\/uploads\/2016\/08\/contrat-poissons-2016-2017.pdf\" rel=\"\">contrat-poissons-2016-2017<\/a><\/p>\n<p><em>Pr\u00e9parez votre document et vos 10 ch\u00e8ques en avance, vous \u00e9viterez l&rsquo;attente !<\/em><\/p>\n<p><strong>De nouveaux coordinateurs pour ce contrat. Merci \u00e0 Christelle et No\u00ebl Rambaud ainsi que Isabelle Marsault-Sempe de s&rsquo;\u00eatre propos\u00e9 si vite !<br \/>\n<\/strong><\/p>\n<p>la coordination g\u00e9n\u00e9rale<\/p>\n","protected":false},"excerpt":{"rendered":"<p>Vous pouvez encore souscrire le contrat poisson pour la p\u00e9riode de octobre 2016 \u00e0 juillet 2017, contactez vos coordinateurs. La prochaine\u00a0 livraison est pr\u00e9vue le 6 octobre. contrat-poissons-2016-2017 Pr\u00e9parez votre document et vos 10 ch\u00e8ques en avance, vous \u00e9viterez l&rsquo;attente ! De nouveaux coordinateurs pour ce contrat. Merci \u00e0 Christelle et No\u00ebl Rambaud ainsi que &hellip; <a href=\"http:\/\/www.amaplaneteblanquefort.fr\/wordpress\/2016\/09\/10\/nouveau-contrat-poisson\/\" class=\"more-link\">Continuer la lecture de <span class=\"screen-reader-text\">Nouveau contrat poisson&#8230;<\/span> <span class=\"meta-nav\">&rarr;<\/span><\/a><\/p>\n","protected":false},"author":1,"featured_media":0,"comment_status":"open","ping_status":"open","sticky":false,"template":"","format":"standard","meta":{"footnotes":""},"categories":[20],"tags":[],"class_list":["post-7084","post","type-post","status-publish","format-standard","hentry","category-08-poissons"],"_links":{"self":[{"href":"http:\/\/www.amaplaneteblanquefort.fr\/wordpress\/wp-json\/wp\/v2\/posts\/7084","targetHints":{"allow":["GET"]}}],"collection":[{"href":"http:\/\/www.amaplaneteblanquefort.fr\/wordpress\/wp-json\/wp\/v2\/posts"}],"about":[{"href":"http:\/\/www.amaplaneteblanquefort.fr\/wordpress\/wp-json\/wp\/v2\/types\/post"}],"author":[{"embeddable":true,"href":"http:\/\/www.amaplaneteblanquefort.fr\/wordpress\/wp-json\/wp\/v2\/users\/1"}],"replies":[{"embeddable":true,"href":"http:\/\/www.amaplaneteblanquefort.fr\/wordpress\/wp-json\/wp\/v2\/comments?post=7084"}],"version-history":[{"count":8,"href":"http:\/\/www.amaplaneteblanquefort.fr\/wordpress\/wp-json\/wp\/v2\/posts\/7084\/revisions"}],"predecessor-version":[{"id":7168,"href":"http:\/\/www.amaplaneteblanquefort.fr\/wordpress\/wp-json\/wp\/v2\/posts\/7084\/revisions\/7168"}],"wp:attachment":[{"href":"http:\/\/www.amaplaneteblanquefort.fr\/wordpress\/wp-json\/wp\/v2\/media?parent=7084"}],"wp:term":[{"taxonomy":"category","embeddable":true,"href":"http:\/\/www.amaplaneteblanquefort.fr\/wordpress\/wp-json\/wp\/v2\/categories?post=7084"},{"taxonomy":"post_tag","embeddable":true,"href":"http:\/\/www.amaplaneteblanquefort.fr\/wordpress\/wp-json\/wp\/v2\/tags?post=7084"}],"curies":[{"name":"wp","href":"https:\/\/api.w.org\/{rel}","templated":true}]}}