{"id":7021,"date":"2016-07-17T23:42:38","date_gmt":"2016-07-17T21:42:38","guid":{"rendered":"http:\/\/www.amaplaneteblanquefort.fr\/wordpress\/?p=7021"},"modified":"2016-08-18T16:18:18","modified_gmt":"2016-08-18T14:18:18","slug":"contrat-supp-pour-abricots-a-conserve-ou-compote-du-21072016","status":"publish","type":"post","link":"http:\/\/www.amaplaneteblanquefort.fr\/wordpress\/2016\/07\/17\/contrat-supp-pour-abricots-a-conserve-ou-compote-du-21072016\/","title":{"rendered":"CONTRAT SUPP pour Abricots \u00e0 conserve ou compote du 21\/07\/2016"},"content":{"rendered":"<p><span style=\"font-family: Arial,Helvetica,sans-serif; font-size: small;\"><span style=\"font-size: small;\">Bonjour \u00e0 toutes et \u00e0 tous<br class=\"\" \/> Mr Alain BOTTECCHIA producteur de fruits, <\/span>vous propose des abricots \u00e0 conserve ou \u00e0 compote, semblables \u00e0 ceux du panier pour le jeudi 21\/07\/2016<br class=\"\" \/> <span style=\"font-size: small;\">Si vous \u00eates int\u00e9ress\u00e9s veuillez remplir le contrat ci dessous et en avertir les coordinateurs par E-mail <span style=\"color: #ff0000;\">avant mercredi midi<\/span>.<br class=\"\" \/> Cordialement<br class=\"\" \/> Jacques et Annie Vitry<br class=\"\" \/> C\u00e9line Perrin<br class=\"\" \/> <\/span><\/span><\/p>\n<p>&nbsp;<\/p>\n<p><a href=\"http:\/\/www.amaplaneteblanquefort.fr\/wordpress\/wp-content\/uploads\/2016\/07\/contrat-supp-abricots-\u00e0-compote-et-conserve-du-21-juillet-2016.pdf\" rel=\"\">contrat supp abricots \u00e0 compote et conserve du 21 juillet 2016<\/a><\/p>\n","protected":false},"excerpt":{"rendered":"<p>Bonjour \u00e0 toutes et \u00e0 tous Mr Alain BOTTECCHIA producteur de fruits, vous propose des abricots \u00e0 conserve ou \u00e0 compote, semblables \u00e0 ceux du panier pour le jeudi 21\/07\/2016 Si vous \u00eates int\u00e9ress\u00e9s veuillez remplir le contrat ci dessous et en avertir les coordinateurs par E-mail avant mercredi midi. Cordialement Jacques et Annie Vitry &hellip; <a href=\"http:\/\/www.amaplaneteblanquefort.fr\/wordpress\/2016\/07\/17\/contrat-supp-pour-abricots-a-conserve-ou-compote-du-21072016\/\" class=\"more-link\">Continuer la lecture de <span class=\"screen-reader-text\">CONTRAT SUPP pour Abricots \u00e0 conserve ou compote du 21\/07\/2016<\/span> <span class=\"meta-nav\">&rarr;<\/span><\/a><\/p>\n","protected":false},"author":13,"featured_media":0,"comment_status":"open","ping_status":"open","sticky":false,"template":"","format":"standard","meta":{"footnotes":""},"categories":[25],"tags":[],"class_list":["post-7021","post","type-post","status-publish","format-standard","hentry","category-13-fruits"],"_links":{"self":[{"href":"http:\/\/www.amaplaneteblanquefort.fr\/wordpress\/wp-json\/wp\/v2\/posts\/7021","targetHints":{"allow":["GET"]}}],"collection":[{"href":"http:\/\/www.amaplaneteblanquefort.fr\/wordpress\/wp-json\/wp\/v2\/posts"}],"about":[{"href":"http:\/\/www.amaplaneteblanquefort.fr\/wordpress\/wp-json\/wp\/v2\/types\/post"}],"author":[{"embeddable":true,"href":"http:\/\/www.amaplaneteblanquefort.fr\/wordpress\/wp-json\/wp\/v2\/users\/13"}],"replies":[{"embeddable":true,"href":"http:\/\/www.amaplaneteblanquefort.fr\/wordpress\/wp-json\/wp\/v2\/comments?post=7021"}],"version-history":[{"count":2,"href":"http:\/\/www.amaplaneteblanquefort.fr\/wordpress\/wp-json\/wp\/v2\/posts\/7021\/revisions"}],"predecessor-version":[{"id":7080,"href":"http:\/\/www.amaplaneteblanquefort.fr\/wordpress\/wp-json\/wp\/v2\/posts\/7021\/revisions\/7080"}],"wp:attachment":[{"href":"http:\/\/www.amaplaneteblanquefort.fr\/wordpress\/wp-json\/wp\/v2\/media?parent=7021"}],"wp:term":[{"taxonomy":"category","embeddable":true,"href":"http:\/\/www.amaplaneteblanquefort.fr\/wordpress\/wp-json\/wp\/v2\/categories?post=7021"},{"taxonomy":"post_tag","embeddable":true,"href":"http:\/\/www.amaplaneteblanquefort.fr\/wordpress\/wp-json\/wp\/v2\/tags?post=7021"}],"curies":[{"name":"wp","href":"https:\/\/api.w.org\/{rel}","templated":true}]}}