{"id":7016,"date":"2016-07-17T23:12:44","date_gmt":"2016-07-17T21:12:44","guid":{"rendered":"http:\/\/www.amaplaneteblanquefort.fr\/wordpress\/?p=7016"},"modified":"2016-08-18T16:19:24","modified_gmt":"2016-08-18T14:19:24","slug":"contrat-supp-de-fruits-a-confiture-du-21072016","status":"publish","type":"post","link":"http:\/\/www.amaplaneteblanquefort.fr\/wordpress\/2016\/07\/17\/contrat-supp-de-fruits-a-confiture-du-21072016\/","title":{"rendered":"Contrat supp de fruits \u00e0 confiture du 21\/07\/2016"},"content":{"rendered":"<div align=\"left\">Mr Gabriel NOGUES vous propose des p\u00eaches blanches ou jaunes et des nectarines jaunes \u00e0 confiture pour le jeudi 21\/07\/2016<br \/>\nCe sont des plateaux de 4 kg au prix de 10 \u20ac<\/div>\n<div align=\"left\"><\/div>\n<div align=\"left\">Si vous \u00eates int\u00e9ress\u00e9s, veuillez remplir le contrat ci dessous et avertir les coordinateurs par e-mail avant <strong>mercredi midi<\/strong>.<\/div>\n<div align=\"left\"><\/div>\n<div align=\"left\">Merci<\/div>\n<p><a href=\"http:\/\/www.amaplaneteblanquefort.fr\/wordpress\/wp-content\/uploads\/2016\/07\/Colis-\u00e0-confiture-du-21-juillet-2016.pdf\" rel=\"\">Colis \u00e0 confiture du 21 juillet 2016<\/a><\/p>\n","protected":false},"excerpt":{"rendered":"<p>Mr Gabriel NOGUES vous propose des p\u00eaches blanches ou jaunes et des nectarines jaunes \u00e0 confiture pour le jeudi 21\/07\/2016 Ce sont des plateaux de 4 kg au prix de 10 \u20ac Si vous \u00eates int\u00e9ress\u00e9s, veuillez remplir le contrat ci dessous et avertir les coordinateurs par e-mail avant mercredi midi. Merci Colis \u00e0 confiture &hellip; <a href=\"http:\/\/www.amaplaneteblanquefort.fr\/wordpress\/2016\/07\/17\/contrat-supp-de-fruits-a-confiture-du-21072016\/\" class=\"more-link\">Continuer la lecture de <span class=\"screen-reader-text\">Contrat supp de fruits \u00e0 confiture du 21\/07\/2016<\/span> <span class=\"meta-nav\">&rarr;<\/span><\/a><\/p>\n","protected":false},"author":13,"featured_media":0,"comment_status":"open","ping_status":"open","sticky":false,"template":"","format":"standard","meta":{"footnotes":""},"categories":[25],"tags":[],"class_list":["post-7016","post","type-post","status-publish","format-standard","hentry","category-13-fruits"],"_links":{"self":[{"href":"http:\/\/www.amaplaneteblanquefort.fr\/wordpress\/wp-json\/wp\/v2\/posts\/7016","targetHints":{"allow":["GET"]}}],"collection":[{"href":"http:\/\/www.amaplaneteblanquefort.fr\/wordpress\/wp-json\/wp\/v2\/posts"}],"about":[{"href":"http:\/\/www.amaplaneteblanquefort.fr\/wordpress\/wp-json\/wp\/v2\/types\/post"}],"author":[{"embeddable":true,"href":"http:\/\/www.amaplaneteblanquefort.fr\/wordpress\/wp-json\/wp\/v2\/users\/13"}],"replies":[{"embeddable":true,"href":"http:\/\/www.amaplaneteblanquefort.fr\/wordpress\/wp-json\/wp\/v2\/comments?post=7016"}],"version-history":[{"count":1,"href":"http:\/\/www.amaplaneteblanquefort.fr\/wordpress\/wp-json\/wp\/v2\/posts\/7016\/revisions"}],"predecessor-version":[{"id":7018,"href":"http:\/\/www.amaplaneteblanquefort.fr\/wordpress\/wp-json\/wp\/v2\/posts\/7016\/revisions\/7018"}],"wp:attachment":[{"href":"http:\/\/www.amaplaneteblanquefort.fr\/wordpress\/wp-json\/wp\/v2\/media?parent=7016"}],"wp:term":[{"taxonomy":"category","embeddable":true,"href":"http:\/\/www.amaplaneteblanquefort.fr\/wordpress\/wp-json\/wp\/v2\/categories?post=7016"},{"taxonomy":"post_tag","embeddable":true,"href":"http:\/\/www.amaplaneteblanquefort.fr\/wordpress\/wp-json\/wp\/v2\/tags?post=7016"}],"curies":[{"name":"wp","href":"https:\/\/api.w.org\/{rel}","templated":true}]}}