{"id":7008,"date":"2016-07-05T15:02:57","date_gmt":"2016-07-05T13:02:57","guid":{"rendered":"http:\/\/www.amaplaneteblanquefort.fr\/wordpress\/?p=7008"},"modified":"2016-08-18T16:18:50","modified_gmt":"2016-08-18T14:18:50","slug":"contrat-supplementaire-peches-a-confiture-du-07072016","status":"publish","type":"post","link":"http:\/\/www.amaplaneteblanquefort.fr\/wordpress\/2016\/07\/05\/contrat-supplementaire-peches-a-confiture-du-07072016\/","title":{"rendered":"Contrat suppl\u00e9mentaire p\u00eaches \u00e0 confiture du 07\/07\/2016"},"content":{"rendered":"<p>Mr Gabriel NOGUES vous propose des p\u00eaches \u00e0 confiture pour le jeudi 07\/07\/2016<\/p>\n<p>Si vous \u00eates int\u00e9ress\u00e9s, veuillez remplir le contrat ci dessous et avertir les coordinateurs par e-mail avant <span style=\"text-decoration: underline;\"><span style=\"color: #ff0000; text-decoration: underline;\"><strong>mercredi midi<\/strong><\/span><\/span>.<\/p>\n<p>Merci<\/p>\n<p>L&rsquo;\u00e9quipe des coordinateurs fruits d&rsquo;\u00e9t\u00e9<\/p>\n<p>&nbsp;<\/p>\n<p>&nbsp;<\/p>\n<p><a href=\"http:\/\/www.amaplaneteblanquefort.fr\/wordpress\/wp-content\/uploads\/2016\/07\/Colis-\u00e0-confiture-du-07-juillet-2016.pdf\" rel=\"\">Colis \u00e0 confiture du 07 juillet 2016<\/a><\/p>\n","protected":false},"excerpt":{"rendered":"<p>Mr Gabriel NOGUES vous propose des p\u00eaches \u00e0 confiture pour le jeudi 07\/07\/2016 Si vous \u00eates int\u00e9ress\u00e9s, veuillez remplir le contrat ci dessous et avertir les coordinateurs par e-mail avant mercredi midi. Merci L&rsquo;\u00e9quipe des coordinateurs fruits d&rsquo;\u00e9t\u00e9 &nbsp; &nbsp; Colis \u00e0 confiture du 07 juillet 2016<\/p>\n","protected":false},"author":13,"featured_media":0,"comment_status":"open","ping_status":"open","sticky":false,"template":"","format":"standard","meta":{"footnotes":""},"categories":[25],"tags":[],"class_list":["post-7008","post","type-post","status-publish","format-standard","hentry","category-13-fruits"],"_links":{"self":[{"href":"http:\/\/www.amaplaneteblanquefort.fr\/wordpress\/wp-json\/wp\/v2\/posts\/7008","targetHints":{"allow":["GET"]}}],"collection":[{"href":"http:\/\/www.amaplaneteblanquefort.fr\/wordpress\/wp-json\/wp\/v2\/posts"}],"about":[{"href":"http:\/\/www.amaplaneteblanquefort.fr\/wordpress\/wp-json\/wp\/v2\/types\/post"}],"author":[{"embeddable":true,"href":"http:\/\/www.amaplaneteblanquefort.fr\/wordpress\/wp-json\/wp\/v2\/users\/13"}],"replies":[{"embeddable":true,"href":"http:\/\/www.amaplaneteblanquefort.fr\/wordpress\/wp-json\/wp\/v2\/comments?post=7008"}],"version-history":[{"count":3,"href":"http:\/\/www.amaplaneteblanquefort.fr\/wordpress\/wp-json\/wp\/v2\/posts\/7008\/revisions"}],"predecessor-version":[{"id":7081,"href":"http:\/\/www.amaplaneteblanquefort.fr\/wordpress\/wp-json\/wp\/v2\/posts\/7008\/revisions\/7081"}],"wp:attachment":[{"href":"http:\/\/www.amaplaneteblanquefort.fr\/wordpress\/wp-json\/wp\/v2\/media?parent=7008"}],"wp:term":[{"taxonomy":"category","embeddable":true,"href":"http:\/\/www.amaplaneteblanquefort.fr\/wordpress\/wp-json\/wp\/v2\/categories?post=7008"},{"taxonomy":"post_tag","embeddable":true,"href":"http:\/\/www.amaplaneteblanquefort.fr\/wordpress\/wp-json\/wp\/v2\/tags?post=7008"}],"curies":[{"name":"wp","href":"https:\/\/api.w.org\/{rel}","templated":true}]}}