{"id":6938,"date":"2017-06-01T00:00:22","date_gmt":"2017-05-31T22:00:22","guid":{"rendered":"http:\/\/www.amaplaneteblanquefort.fr\/wordpress\/?p=6938"},"modified":"2017-06-01T07:17:18","modified_gmt":"2017-06-01T05:17:18","slug":"nouveau-contrat-pain","status":"publish","type":"post","link":"http:\/\/www.amaplaneteblanquefort.fr\/wordpress\/2017\/06\/01\/nouveau-contrat-pain\/","title":{"rendered":"NOUVEAU CONTRAT PAIN"},"content":{"rendered":"<p>C &lsquo;est le moment de renouveler ou de d\u00e9couvrir le contrat pain de Cl\u00e9ment<\/p>\n<p><a href=\"http:\/\/www.amaplaneteblanquefort.fr\/wordpress\/wp-content\/uploads\/2015\/10\/8-Enfourner.jpg\" rel=\"attachment wp-att-6372\"><img loading=\"lazy\" decoding=\"async\" class=\"size-medium wp-image-6372\" src=\"http:\/\/www.amaplaneteblanquefort.fr\/wordpress\/wp-content\/uploads\/2015\/10\/8-Enfourner-300x225.jpg\" alt=\"Enfourner\" width=\"300\" height=\"225\" srcset=\"http:\/\/www.amaplaneteblanquefort.fr\/wordpress\/wp-content\/uploads\/2015\/10\/8-Enfourner-300x225.jpg 300w, http:\/\/www.amaplaneteblanquefort.fr\/wordpress\/wp-content\/uploads\/2015\/10\/8-Enfourner-1024x768.jpg 1024w, http:\/\/www.amaplaneteblanquefort.fr\/wordpress\/wp-content\/uploads\/2015\/10\/8-Enfourner.jpg 1200w\" sizes=\"auto, (max-width: 300px) 100vw, 300px\" \/><\/a><\/p>\n<p>Prise de contrat\u00a0<span style=\"color: #ff0000;\">le 1er juin et le 15 juin<\/span><\/p>\n<p>Cl\u00e9ment est au maximum de ses capacit\u00e9s <span style=\"color: #339966;\">pour le petit \u00e9peautre<\/span> , il ne peux pas prendre de nouvelles commandes par rapport \u00e0 celles du contrat pr\u00e9c\u00e9dent:<\/p>\n<p>donc seuls ceux qui en ont command\u00e9 lors \u00a0du pr\u00e9c\u00e9dent contrat peuvent le faire et les quantit\u00e9s ne doivent pas augmenter .<\/p>\n<p>Nous verrons dans un deuxi\u00e8me temps apr\u00e8s bilan des commandes si nous pouvons le proposer \u00e0 d&rsquo; autres personnes<\/p>\n<p>Par contre vous pouvez bien \u00e9videment commander toutes les quantit\u00e9s que vous souhaitez de toutes les autres sortes de pain.<\/p>\n<p>Pour ceux qui partent en vacances en juillet il est possible d&rsquo;\u00f4ter une ou deux des livraisons du mois de juillet<\/p>\n<p><a href=\"http:\/\/www.amaplaneteblanquefort.fr\/wordpress\/wp-content\/uploads\/2017\/06\/contrat-pain-Juillet-decembre-2017-.doc\">contrat pain Juillet decembre 2017<\/a><\/p>\n<p>&nbsp;<\/p>\n<p>Vos coordinatrices pain : Maryline BUISSON &#8211; Dominique GIRALDA &#8211;\u00a0Danielle SANZ<\/p>\n<p>&nbsp;<\/p>\n<p>&nbsp;<\/p>\n","protected":false},"excerpt":{"rendered":"<p>C &lsquo;est le moment de renouveler ou de d\u00e9couvrir le contrat pain de Cl\u00e9ment Prise de contrat\u00a0le 1er juin et le 15 juin Cl\u00e9ment est au maximum de ses capacit\u00e9s pour le petit \u00e9peautre , il ne peux pas prendre de nouvelles commandes par rapport \u00e0 celles du contrat pr\u00e9c\u00e9dent: donc seuls ceux qui en &hellip; <a href=\"http:\/\/www.amaplaneteblanquefort.fr\/wordpress\/2017\/06\/01\/nouveau-contrat-pain\/\" class=\"more-link\">Continuer la lecture de <span class=\"screen-reader-text\">NOUVEAU CONTRAT PAIN<\/span> <span class=\"meta-nav\">&rarr;<\/span><\/a><\/p>\n","protected":false},"author":7,"featured_media":0,"comment_status":"open","ping_status":"open","sticky":false,"template":"","format":"standard","meta":{"footnotes":""},"categories":[22],"tags":[],"class_list":["post-6938","post","type-post","status-publish","format-standard","hentry","category-10-volailles"],"_links":{"self":[{"href":"http:\/\/www.amaplaneteblanquefort.fr\/wordpress\/wp-json\/wp\/v2\/posts\/6938","targetHints":{"allow":["GET"]}}],"collection":[{"href":"http:\/\/www.amaplaneteblanquefort.fr\/wordpress\/wp-json\/wp\/v2\/posts"}],"about":[{"href":"http:\/\/www.amaplaneteblanquefort.fr\/wordpress\/wp-json\/wp\/v2\/types\/post"}],"author":[{"embeddable":true,"href":"http:\/\/www.amaplaneteblanquefort.fr\/wordpress\/wp-json\/wp\/v2\/users\/7"}],"replies":[{"embeddable":true,"href":"http:\/\/www.amaplaneteblanquefort.fr\/wordpress\/wp-json\/wp\/v2\/comments?post=6938"}],"version-history":[{"count":13,"href":"http:\/\/www.amaplaneteblanquefort.fr\/wordpress\/wp-json\/wp\/v2\/posts\/6938\/revisions"}],"predecessor-version":[{"id":7802,"href":"http:\/\/www.amaplaneteblanquefort.fr\/wordpress\/wp-json\/wp\/v2\/posts\/6938\/revisions\/7802"}],"wp:attachment":[{"href":"http:\/\/www.amaplaneteblanquefort.fr\/wordpress\/wp-json\/wp\/v2\/media?parent=6938"}],"wp:term":[{"taxonomy":"category","embeddable":true,"href":"http:\/\/www.amaplaneteblanquefort.fr\/wordpress\/wp-json\/wp\/v2\/categories?post=6938"},{"taxonomy":"post_tag","embeddable":true,"href":"http:\/\/www.amaplaneteblanquefort.fr\/wordpress\/wp-json\/wp\/v2\/tags?post=6938"}],"curies":[{"name":"wp","href":"https:\/\/api.w.org\/{rel}","templated":true}]}}