{"id":6918,"date":"2016-05-25T10:33:21","date_gmt":"2016-05-25T08:33:21","guid":{"rendered":"http:\/\/www.amaplaneteblanquefort.fr\/wordpress\/?p=6918"},"modified":"2016-08-18T16:20:25","modified_gmt":"2016-08-18T14:20:25","slug":"contrat-ponctuel-cerises","status":"publish","type":"post","link":"http:\/\/www.amaplaneteblanquefort.fr\/wordpress\/2016\/05\/25\/contrat-ponctuel-cerises\/","title":{"rendered":"Contrat ponctuel cerises"},"content":{"rendered":"<p>Un petit mot de notre producteur de fruits Mr Alain BOTTECCHIA, concernant les cerises.<\/p>\n<p>Le niveau de r\u00e9colte est inf\u00e9rieur \u00e0 2015.<\/p>\n<p>Les conditions seront plus d\u00e9licates car malgr\u00e9 une floraison extraordinaire ( il a plu tout le temps ): d&rsquo;o\u00f9 une f\u00e9condation difficile et des quantit\u00e9s al\u00e9atoires.<\/p>\n<p>Donc je vais proposer les dates du 09 , 23 juin .<\/p>\n<p>Je m&rsquo;engage \u00e0 livrer de fa\u00e7on ferme 2 livraisons d&rsquo;o\u00f9 un 1er ch\u00e8que qui correspond \u00e0 ce montant.\u00a0 kg \u00e0 <strong>7 \u20ac <\/strong>et 0,5 kg \u00e0 <strong>4 \u20ac<\/strong><\/p>\n<p>Je ferai peut \u00eatre une livraison en juillet<\/p>\n<p>&nbsp;<\/p>\n<p><a href=\"http:\/\/www.amaplaneteblanquefort.fr\/wordpress\/wp-content\/uploads\/2016\/05\/contrat-ponctuel-cerises.pdf\" rel=\"\">contrat ponctuel cerises<\/a><\/p>\n","protected":false},"excerpt":{"rendered":"<p>Un petit mot de notre producteur de fruits Mr Alain BOTTECCHIA, concernant les cerises. Le niveau de r\u00e9colte est inf\u00e9rieur \u00e0 2015. Les conditions seront plus d\u00e9licates car malgr\u00e9 une floraison extraordinaire ( il a plu tout le temps ): d&rsquo;o\u00f9 une f\u00e9condation difficile et des quantit\u00e9s al\u00e9atoires. Donc je vais proposer les dates du &hellip; <a href=\"http:\/\/www.amaplaneteblanquefort.fr\/wordpress\/2016\/05\/25\/contrat-ponctuel-cerises\/\" class=\"more-link\">Continuer la lecture de <span class=\"screen-reader-text\">Contrat ponctuel cerises<\/span> <span class=\"meta-nav\">&rarr;<\/span><\/a><\/p>\n","protected":false},"author":13,"featured_media":0,"comment_status":"open","ping_status":"open","sticky":false,"template":"","format":"standard","meta":{"footnotes":""},"categories":[25],"tags":[],"class_list":["post-6918","post","type-post","status-publish","format-standard","hentry","category-13-fruits"],"_links":{"self":[{"href":"http:\/\/www.amaplaneteblanquefort.fr\/wordpress\/wp-json\/wp\/v2\/posts\/6918","targetHints":{"allow":["GET"]}}],"collection":[{"href":"http:\/\/www.amaplaneteblanquefort.fr\/wordpress\/wp-json\/wp\/v2\/posts"}],"about":[{"href":"http:\/\/www.amaplaneteblanquefort.fr\/wordpress\/wp-json\/wp\/v2\/types\/post"}],"author":[{"embeddable":true,"href":"http:\/\/www.amaplaneteblanquefort.fr\/wordpress\/wp-json\/wp\/v2\/users\/13"}],"replies":[{"embeddable":true,"href":"http:\/\/www.amaplaneteblanquefort.fr\/wordpress\/wp-json\/wp\/v2\/comments?post=6918"}],"version-history":[{"count":2,"href":"http:\/\/www.amaplaneteblanquefort.fr\/wordpress\/wp-json\/wp\/v2\/posts\/6918\/revisions"}],"predecessor-version":[{"id":6921,"href":"http:\/\/www.amaplaneteblanquefort.fr\/wordpress\/wp-json\/wp\/v2\/posts\/6918\/revisions\/6921"}],"wp:attachment":[{"href":"http:\/\/www.amaplaneteblanquefort.fr\/wordpress\/wp-json\/wp\/v2\/media?parent=6918"}],"wp:term":[{"taxonomy":"category","embeddable":true,"href":"http:\/\/www.amaplaneteblanquefort.fr\/wordpress\/wp-json\/wp\/v2\/categories?post=6918"},{"taxonomy":"post_tag","embeddable":true,"href":"http:\/\/www.amaplaneteblanquefort.fr\/wordpress\/wp-json\/wp\/v2\/tags?post=6918"}],"curies":[{"name":"wp","href":"https:\/\/api.w.org\/{rel}","templated":true}]}}