{"id":6907,"date":"2016-05-23T11:48:39","date_gmt":"2016-05-23T09:48:39","guid":{"rendered":"http:\/\/www.amaplaneteblanquefort.fr\/wordpress\/?p=6907"},"modified":"2016-05-24T15:28:54","modified_gmt":"2016-05-24T13:28:54","slug":"fruits-dete-saison-2016","status":"publish","type":"post","link":"http:\/\/www.amaplaneteblanquefort.fr\/wordpress\/2016\/05\/23\/fruits-dete-saison-2016\/","title":{"rendered":"Fruits d&rsquo;\u00e9t\u00e9 saison 2016"},"content":{"rendered":"<p>Bonjour \u00e0 toutes et \u00e0 tous,<\/p>\n<p>Un petit mot de nos producteurs ( Mr BOTTECCHIA et Mr NOGUES ).<\/p>\n<p>Bonjour,<\/p>\n<p>La pluie, le vent et le froid, c&rsquo;est fini!!!!<\/p>\n<p>Apr\u00e8s cette longue pause hivernale, nous revenons vers vous avec des propositions pour le nouveau contrat fruit 2016.<\/p>\n<p>L&rsquo;ann\u00e9e 2015 nous a laiss\u00e9 quelques enseignements, et nous allons en tenir compte :<\/p>\n<ul>\n<li>La saison para\u00eet longue \u00e0 certains et il est difficile de consommer les fruits d&rsquo;automne ( pruneaux, raisins ). Donc nous vous proposons de l&rsquo;\u00e9courter de presque 1 mois de fa\u00e7on \u00e0 n&rsquo;avoir qu&rsquo;une seule livraison sur octobre.<\/li>\n<li>Dans le m\u00eame esprit, nous r\u00e9duisons les quantit\u00e9s pour r\u00e9pondre au mieux aux attentes d&rsquo;un couple ( grand panier ) ou d&rsquo;une personne seule ( petit panier )<\/li>\n<li>Par cons\u00e9quent, nous r\u00e9ajustons le prix des paniers \u00e0 la baisse.<br \/>\nPour la saison : le grand panier passe de 120 \u20ac en 2015 \u00e0 90 \u20ac pour 2016<br \/>\nle petit panier passe de 80 \u20ac en 2015 \u00e0 67,5 \u20ac pour 2016<\/li>\n<\/ul>\n<p>Nous souhaitons ainsi r\u00e9pondre au mieux aux personnes qui nous ont sollicit\u00e9es et donner suite au bilan de fin de saison qui a \u00e9t\u00e9 fait.<\/p>\n<p><a href=\"http:\/\/www.amaplaneteblanquefort.fr\/wordpress\/wp-content\/uploads\/2016\/05\/CNTFruits2016.pdf\" rel=\"\">CNTFruits2016<\/a><\/p>\n","protected":false},"excerpt":{"rendered":"<p>Bonjour \u00e0 toutes et \u00e0 tous, Un petit mot de nos producteurs ( Mr BOTTECCHIA et Mr NOGUES ). Bonjour, La pluie, le vent et le froid, c&rsquo;est fini!!!! Apr\u00e8s cette longue pause hivernale, nous revenons vers vous avec des propositions pour le nouveau contrat fruit 2016. L&rsquo;ann\u00e9e 2015 nous a laiss\u00e9 quelques enseignements, et &hellip; <a href=\"http:\/\/www.amaplaneteblanquefort.fr\/wordpress\/2016\/05\/23\/fruits-dete-saison-2016\/\" class=\"more-link\">Continuer la lecture de <span class=\"screen-reader-text\">Fruits d&rsquo;\u00e9t\u00e9 saison 2016<\/span> <span class=\"meta-nav\">&rarr;<\/span><\/a><\/p>\n","protected":false},"author":13,"featured_media":0,"comment_status":"open","ping_status":"open","sticky":false,"template":"","format":"standard","meta":{"footnotes":""},"categories":[25],"tags":[],"class_list":["post-6907","post","type-post","status-publish","format-standard","hentry","category-13-fruits"],"_links":{"self":[{"href":"http:\/\/www.amaplaneteblanquefort.fr\/wordpress\/wp-json\/wp\/v2\/posts\/6907","targetHints":{"allow":["GET"]}}],"collection":[{"href":"http:\/\/www.amaplaneteblanquefort.fr\/wordpress\/wp-json\/wp\/v2\/posts"}],"about":[{"href":"http:\/\/www.amaplaneteblanquefort.fr\/wordpress\/wp-json\/wp\/v2\/types\/post"}],"author":[{"embeddable":true,"href":"http:\/\/www.amaplaneteblanquefort.fr\/wordpress\/wp-json\/wp\/v2\/users\/13"}],"replies":[{"embeddable":true,"href":"http:\/\/www.amaplaneteblanquefort.fr\/wordpress\/wp-json\/wp\/v2\/comments?post=6907"}],"version-history":[{"count":3,"href":"http:\/\/www.amaplaneteblanquefort.fr\/wordpress\/wp-json\/wp\/v2\/posts\/6907\/revisions"}],"predecessor-version":[{"id":6913,"href":"http:\/\/www.amaplaneteblanquefort.fr\/wordpress\/wp-json\/wp\/v2\/posts\/6907\/revisions\/6913"}],"wp:attachment":[{"href":"http:\/\/www.amaplaneteblanquefort.fr\/wordpress\/wp-json\/wp\/v2\/media?parent=6907"}],"wp:term":[{"taxonomy":"category","embeddable":true,"href":"http:\/\/www.amaplaneteblanquefort.fr\/wordpress\/wp-json\/wp\/v2\/categories?post=6907"},{"taxonomy":"post_tag","embeddable":true,"href":"http:\/\/www.amaplaneteblanquefort.fr\/wordpress\/wp-json\/wp\/v2\/tags?post=6907"}],"curies":[{"name":"wp","href":"https:\/\/api.w.org\/{rel}","templated":true}]}}