{"id":6871,"date":"2016-05-09T11:00:24","date_gmt":"2016-05-09T09:00:24","guid":{"rendered":"http:\/\/www.amaplaneteblanquefort.fr\/wordpress\/?p=6871"},"modified":"2016-05-09T11:00:24","modified_gmt":"2016-05-09T09:00:24","slug":"livraison-fraises-du-12-mai-2016","status":"publish","type":"post","link":"http:\/\/www.amaplaneteblanquefort.fr\/wordpress\/2016\/05\/09\/livraison-fraises-du-12-mai-2016\/","title":{"rendered":"Livraison Fraises du 12 mai 2016"},"content":{"rendered":"<p><a href=\"http:\/\/www.amaplaneteblanquefort.fr\/wordpress\/wp-content\/uploads\/2016\/05\/cute-cartoon-strawberry-vector-illustration-with-simple-gradients-all-in-a-single-layer_105782024.jpg\" rel=\"attachment wp-att-6873\"><img loading=\"lazy\" decoding=\"async\" class=\"aligncenter size-full wp-image-6873\" src=\"http:\/\/www.amaplaneteblanquefort.fr\/wordpress\/wp-content\/uploads\/2016\/05\/cute-cartoon-strawberry-vector-illustration-with-simple-gradients-all-in-a-single-layer_105782024.jpg\" alt=\"cute-cartoon-strawberry-vector-illustration-with-simple-gradients-all-in-a-single-layer_105782024\" width=\"150\" height=\"126\" \/><\/a>Bonjour,<\/p>\n<p>suite aux conditions climatiques des derni\u00e8res semaines la maturit\u00e9 des fraises a pris du retard, J\u00e9r\u00e9my pr\u00e9f\u00e8re d\u00e9caler d&rsquo;une semaine la livraison pour avoir les meilleures fraises possible.<\/p>\n<p>La livraison de ce jeudi 12 mai 2016 est donc repouss\u00e9e, nous vous donnons rendez-vous le 19 mai.<\/p>\n<p>Les autres livraisons seront donc le 26 mai, 2 juin et <strong>9 juin 2016.<\/strong><\/p>\n<p>Yannick, Solange et Dominique<\/p>\n","protected":false},"excerpt":{"rendered":"<p>Bonjour, suite aux conditions climatiques des derni\u00e8res semaines la maturit\u00e9 des fraises a pris du retard, J\u00e9r\u00e9my pr\u00e9f\u00e8re d\u00e9caler d&rsquo;une semaine la livraison pour avoir les meilleures fraises possible. La livraison de ce jeudi 12 mai 2016 est donc repouss\u00e9e, nous vous donnons rendez-vous le 19 mai. Les autres livraisons seront donc le 26 mai, &hellip; <a href=\"http:\/\/www.amaplaneteblanquefort.fr\/wordpress\/2016\/05\/09\/livraison-fraises-du-12-mai-2016\/\" class=\"more-link\">Continuer la lecture de <span class=\"screen-reader-text\">Livraison Fraises du 12 mai 2016<\/span> <span class=\"meta-nav\">&rarr;<\/span><\/a><\/p>\n","protected":false},"author":20,"featured_media":0,"comment_status":"open","ping_status":"open","sticky":false,"template":"","format":"standard","meta":{"footnotes":""},"categories":[40],"tags":[],"class_list":["post-6871","post","type-post","status-publish","format-standard","hentry","category-fraises"],"_links":{"self":[{"href":"http:\/\/www.amaplaneteblanquefort.fr\/wordpress\/wp-json\/wp\/v2\/posts\/6871","targetHints":{"allow":["GET"]}}],"collection":[{"href":"http:\/\/www.amaplaneteblanquefort.fr\/wordpress\/wp-json\/wp\/v2\/posts"}],"about":[{"href":"http:\/\/www.amaplaneteblanquefort.fr\/wordpress\/wp-json\/wp\/v2\/types\/post"}],"author":[{"embeddable":true,"href":"http:\/\/www.amaplaneteblanquefort.fr\/wordpress\/wp-json\/wp\/v2\/users\/20"}],"replies":[{"embeddable":true,"href":"http:\/\/www.amaplaneteblanquefort.fr\/wordpress\/wp-json\/wp\/v2\/comments?post=6871"}],"version-history":[{"count":2,"href":"http:\/\/www.amaplaneteblanquefort.fr\/wordpress\/wp-json\/wp\/v2\/posts\/6871\/revisions"}],"predecessor-version":[{"id":6875,"href":"http:\/\/www.amaplaneteblanquefort.fr\/wordpress\/wp-json\/wp\/v2\/posts\/6871\/revisions\/6875"}],"wp:attachment":[{"href":"http:\/\/www.amaplaneteblanquefort.fr\/wordpress\/wp-json\/wp\/v2\/media?parent=6871"}],"wp:term":[{"taxonomy":"category","embeddable":true,"href":"http:\/\/www.amaplaneteblanquefort.fr\/wordpress\/wp-json\/wp\/v2\/categories?post=6871"},{"taxonomy":"post_tag","embeddable":true,"href":"http:\/\/www.amaplaneteblanquefort.fr\/wordpress\/wp-json\/wp\/v2\/tags?post=6871"}],"curies":[{"name":"wp","href":"https:\/\/api.w.org\/{rel}","templated":true}]}}