{"id":6775,"date":"2016-03-25T13:28:01","date_gmt":"2016-03-25T12:28:01","guid":{"rendered":"http:\/\/www.amaplaneteblanquefort.fr\/wordpress\/?p=6775"},"modified":"2016-03-25T13:28:01","modified_gmt":"2016-03-25T12:28:01","slug":"plantes-aromatiques-printemps-2016","status":"publish","type":"post","link":"http:\/\/www.amaplaneteblanquefort.fr\/wordpress\/2016\/03\/25\/plantes-aromatiques-printemps-2016\/","title":{"rendered":"PLANTES AROMATIQUES PRINTEMPS 2016"},"content":{"rendered":"<p>C&rsquo;est la \u00ab\u00a0nouvelle collection\u00a0\u00bb qui arrive !<\/p>\n<p>Beno\u00eet DIMA nous propose ses excellents produits habituels. Il nous livrera ses jeunes plants en m\u00eame temps, le <strong>JEUDI 28 AVRIL<\/strong> prochain.<\/p>\n<p>Si vous voulez ne pas rater cette occasion, si vous \u00eates int\u00e9ress\u00e9(e) par ses herbes savoureuses pour l&rsquo;aide culinaire ou par ses divines infusions pleines de po\u00e9sie, alors t\u00e9l\u00e9chargez le bon de commande ci-dessous.<\/p>\n<p><a href=\"http:\/\/www.amaplaneteblanquefort.fr\/wordpress\/wp-content\/uploads\/2016\/03\/PLANTES-AROM-BON-CDE-MARS-2016.pdf\">PLANTES AROM BON CDE MARS 2016<\/a><\/p>\n<p>Je vous attendrai pour prendre vos commandes les deux jeudis \u00e0 venir :<\/p>\n<p><strong>le 31 mars et le 7 avril<\/strong> ! A tr\u00e8s vite !<\/p>\n<p>Dominique, coordinatrice Plantes aromatiques<\/p>\n","protected":false},"excerpt":{"rendered":"<p>C&rsquo;est la \u00ab\u00a0nouvelle collection\u00a0\u00bb qui arrive ! Beno\u00eet DIMA nous propose ses excellents produits habituels. Il nous livrera ses jeunes plants en m\u00eame temps, le JEUDI 28 AVRIL prochain. Si vous voulez ne pas rater cette occasion, si vous \u00eates int\u00e9ress\u00e9(e) par ses herbes savoureuses pour l&rsquo;aide culinaire ou par ses divines infusions pleines de &hellip; <a href=\"http:\/\/www.amaplaneteblanquefort.fr\/wordpress\/2016\/03\/25\/plantes-aromatiques-printemps-2016\/\" class=\"more-link\">Continuer la lecture de <span class=\"screen-reader-text\">PLANTES AROMATIQUES PRINTEMPS 2016<\/span> <span class=\"meta-nav\">&rarr;<\/span><\/a><\/p>\n","protected":false},"author":1,"featured_media":0,"comment_status":"open","ping_status":"open","sticky":false,"template":"","format":"standard","meta":{"footnotes":""},"categories":[26],"tags":[],"class_list":["post-6775","post","type-post","status-publish","format-standard","hentry","category-14-plantes-aromatiques"],"_links":{"self":[{"href":"http:\/\/www.amaplaneteblanquefort.fr\/wordpress\/wp-json\/wp\/v2\/posts\/6775","targetHints":{"allow":["GET"]}}],"collection":[{"href":"http:\/\/www.amaplaneteblanquefort.fr\/wordpress\/wp-json\/wp\/v2\/posts"}],"about":[{"href":"http:\/\/www.amaplaneteblanquefort.fr\/wordpress\/wp-json\/wp\/v2\/types\/post"}],"author":[{"embeddable":true,"href":"http:\/\/www.amaplaneteblanquefort.fr\/wordpress\/wp-json\/wp\/v2\/users\/1"}],"replies":[{"embeddable":true,"href":"http:\/\/www.amaplaneteblanquefort.fr\/wordpress\/wp-json\/wp\/v2\/comments?post=6775"}],"version-history":[{"count":1,"href":"http:\/\/www.amaplaneteblanquefort.fr\/wordpress\/wp-json\/wp\/v2\/posts\/6775\/revisions"}],"predecessor-version":[{"id":6777,"href":"http:\/\/www.amaplaneteblanquefort.fr\/wordpress\/wp-json\/wp\/v2\/posts\/6775\/revisions\/6777"}],"wp:attachment":[{"href":"http:\/\/www.amaplaneteblanquefort.fr\/wordpress\/wp-json\/wp\/v2\/media?parent=6775"}],"wp:term":[{"taxonomy":"category","embeddable":true,"href":"http:\/\/www.amaplaneteblanquefort.fr\/wordpress\/wp-json\/wp\/v2\/categories?post=6775"},{"taxonomy":"post_tag","embeddable":true,"href":"http:\/\/www.amaplaneteblanquefort.fr\/wordpress\/wp-json\/wp\/v2\/tags?post=6775"}],"curies":[{"name":"wp","href":"https:\/\/api.w.org\/{rel}","templated":true}]}}