{"id":6772,"date":"2016-03-22T11:02:23","date_gmt":"2016-03-22T10:02:23","guid":{"rendered":"http:\/\/www.amaplaneteblanquefort.fr\/wordpress\/?p=6772"},"modified":"2016-03-22T11:02:23","modified_gmt":"2016-03-22T10:02:23","slug":"nouveau-contrat-asperges","status":"publish","type":"post","link":"http:\/\/www.amaplaneteblanquefort.fr\/wordpress\/2016\/03\/22\/nouveau-contrat-asperges\/","title":{"rendered":"Nouveau contrat Asperges"},"content":{"rendered":"<p>Bonjour,<\/p>\n<p>Donna Harvey nous fait de nouveau profiter de ses magnifiques asperges. Si vous en voulez, venez jeudi 24 mars, avec le contrat t\u00e9l\u00e9charg\u00e9 !<\/p>\n<p><a href=\"http:\/\/www.amaplaneteblanquefort.fr\/wordpress\/wp-content\/uploads\/2016\/03\/contrat_asperges_2016.pdf\">contrat_asperges_2016<\/a><\/p>\n","protected":false},"excerpt":{"rendered":"<p>Bonjour, Donna Harvey nous fait de nouveau profiter de ses magnifiques asperges. Si vous en voulez, venez jeudi 24 mars, avec le contrat t\u00e9l\u00e9charg\u00e9 ! contrat_asperges_2016<\/p>\n","protected":false},"author":1,"featured_media":0,"comment_status":"open","ping_status":"open","sticky":false,"template":"","format":"standard","meta":{"footnotes":""},"categories":[36],"tags":[],"class_list":["post-6772","post","type-post","status-publish","format-standard","hentry","category-asperges"],"_links":{"self":[{"href":"http:\/\/www.amaplaneteblanquefort.fr\/wordpress\/wp-json\/wp\/v2\/posts\/6772","targetHints":{"allow":["GET"]}}],"collection":[{"href":"http:\/\/www.amaplaneteblanquefort.fr\/wordpress\/wp-json\/wp\/v2\/posts"}],"about":[{"href":"http:\/\/www.amaplaneteblanquefort.fr\/wordpress\/wp-json\/wp\/v2\/types\/post"}],"author":[{"embeddable":true,"href":"http:\/\/www.amaplaneteblanquefort.fr\/wordpress\/wp-json\/wp\/v2\/users\/1"}],"replies":[{"embeddable":true,"href":"http:\/\/www.amaplaneteblanquefort.fr\/wordpress\/wp-json\/wp\/v2\/comments?post=6772"}],"version-history":[{"count":1,"href":"http:\/\/www.amaplaneteblanquefort.fr\/wordpress\/wp-json\/wp\/v2\/posts\/6772\/revisions"}],"predecessor-version":[{"id":6774,"href":"http:\/\/www.amaplaneteblanquefort.fr\/wordpress\/wp-json\/wp\/v2\/posts\/6772\/revisions\/6774"}],"wp:attachment":[{"href":"http:\/\/www.amaplaneteblanquefort.fr\/wordpress\/wp-json\/wp\/v2\/media?parent=6772"}],"wp:term":[{"taxonomy":"category","embeddable":true,"href":"http:\/\/www.amaplaneteblanquefort.fr\/wordpress\/wp-json\/wp\/v2\/categories?post=6772"},{"taxonomy":"post_tag","embeddable":true,"href":"http:\/\/www.amaplaneteblanquefort.fr\/wordpress\/wp-json\/wp\/v2\/tags?post=6772"}],"curies":[{"name":"wp","href":"https:\/\/api.w.org\/{rel}","templated":true}]}}